{"id":2597,"date":"2014-05-09T13:28:58","date_gmt":"2014-05-09T13:28:58","guid":{"rendered":"http:\/\/www.medienbuero.li\/?p=1612"},"modified":"2014-05-09T13:28:58","modified_gmt":"2014-05-09T13:28:58","slug":"liezeit-ausgabe-25","status":"publish","type":"post","link":"https:\/\/www.medienbuero.li\/?p=2597","title":{"rendered":"lie:zeit Ausgabe 25"},"content":{"rendered":"<div class=\"issuuembed\" style=\"width: 560px; height: 350px;\" data-configid=\"2861048\/7793768\"><\/div>\n<p>&nbsp;<br \/>\n<b>Liebe Leserinnen,<br \/>\nliebe Leser <\/b><br \/>\nMorgen feiern wir den Muttertag. Zu Ehren unserer M\u00fctter im Lande haben wir stellvertretend mit der \u00e4ltesten Mama Liechtensteins, der 102j\u00e4hrigen Emma Matt, geb. Hilti aus Schaan ein Gespr\u00e4ch gef\u00fchrt. Sie entf\u00fchrt uns in l\u00e4ngst vergangene Zeiten und beschreibt kurz ihr Leben. In \u00a0der Politik tut sich einiges. Gestern ging die Mai-Session des Landtages zu Ende, in welcher u.a. einige brisante Traktanden zu behandeln waren, u.a. heftige Diskussionen um die Erh\u00f6hung der Motorfahrzeugsteuer, eine Interpellation zur Reduzierung der Personal-und Sachaufwendungen in der Landesverwaltung, die umstrittene Teilnahme am Z\u00fcrcher \u00abSechsel\u00fcta\u00bb 2015, Fragen zur Be- teiligungsstrategie der LLB. Lesen Sie ferner die Gastbeitr\u00e4ge und Kommentare unserer Mitarbeiter Walter Bruno Wohlwend und Georg Kieber. Unsere Verkehrsministerin Marlies Amann-Marxer nimmt Stellung zum \u00fcberbordenden Verkehr in Liechtenstein und zu den geeigneten Massnahmen, welche die Regierung dagegen einzusetzen gedenkt. Justizminister Dr. Thomas Zwiefelhofer befasst sich mit den sich seit Jahren abzeichnenden Reformbe- d\u00fcrfnissen im liechtensteinischen Justizwesen und m\u00f6chte diese Thematik aktiv angehen. Die Gruppierung DU nimmt Stellung zur Sanierung der Pensionskasse der Staatsangestellten und weist auf das 3. DU-B\u00fcrgerforum am 20. Mai 2014 im Gemeindesaal Eschen hin, in dessen Rahmen Regierungschef Adrian Hasler und Win-Win-Initiant Nikolaus Frick Argumente auszutauschen gedenken. Thomas Lageder von der Freien Liste durchleuchtet das Steuersystem und erkl\u00e4rt den Soll-Ertrag und den Eigenkapitalzinsabzug. Der FBP-Abgeordnete Johannes Kaiser, Mithe- rausgeber der lie:zeit, unterst\u00fctzt den Vorschlag der Regierung zur Sanierungsl\u00f6sung der fehlenden Millionen in der Pensionskasse f\u00fcr die Staatsange- stellten. Und die bekannte Liechtensteiner \u00c4rztin Dr. Ruth Kranz-Candrian verteidigt ihren Berufs- stand und ruft zu einem ehrlichen und sachlichen Meinungsaustausch auf. Im Bereich des Liechtensteiner Sports ist der Aufstieg des FC Vaduz zentrales Thema sowie ein Gespr\u00e4ch mit dem LFV-Pr\u00e4sidenten Matthias Voigt \u00fcber die Zukunft des Fussballs in Liechtenstein. Zudem befassen wir uns mit dem ersten L\u00e4nder- Turniersieg des U17-Teams Liechtensteins vor we- nigen Tagen in Liechtenstein. Rechtsanwalt Thomas Nigg von der Rechtsanwaltskanzlei Batliner\/ Gasser besch\u00e4ftigt sich mit dem Schmerzensgeld im liechtensteinischen Recht, einem Thema, das \u00f6fter zu Gerichtsf\u00e4llen f\u00fchrt wie angenommen. Und zum Schluss erz\u00e4hlen wir unter dem Titel \u00abDer gestohlene Wald\u00bb \u00fcber den jahrzehntelangen Streit zwischen Mauren und Eschen \u00fcber die Nut- zungs-bezw. Besitzverh\u00e4ltnisse eines Waldst\u00fcckes im Maurer Berg. Ich w\u00fcnsche eine spannende Lekt\u00fcre und sage tsch\u00fcss bis zur Juni-Ausgabe (Erscheint am 7. Juni),<br \/>\nHerbert Oehri<br \/>\nHerausgeber<br \/>\n&nbsp;<\/p>\n","protected":false},"excerpt":{"rendered":"<p>&nbsp; Liebe Leserinnen, liebe Leser Morgen feiern wir den Muttertag. Zu Ehren unserer M\u00fctter im Lande haben wir stellvertretend mit der \u00e4ltesten Mama Liechtensteins, der 102j\u00e4hrigen Emma Matt, geb. Hilti aus Schaan ein Gespr\u00e4ch gef\u00fchrt. Sie entf\u00fchrt uns in l\u00e4ngst vergangene Zeiten und beschreibt kurz ihr Leben. In \u00a0der Politik tut sich einiges. Gestern ging die Mai-Session des Landtages zu Ende, in welcher u.a. einige&#8230; <\/p>\n<p class=\"more\"><a class=\"more-link\" href=\"https:\/\/www.medienbuero.li\/?p=2597\">Read More<\/a><\/p>\n","protected":false},"author":1,"featured_media":1613,"comment_status":"closed","ping_status":"open","sticky":false,"template":"","format":"standard","meta":{"footnotes":""},"categories":[18,14,16],"tags":[31,62,70,110],"_links":{"self":[{"href":"https:\/\/www.medienbuero.li\/index.php?rest_route=\/wp\/v2\/posts\/2597"}],"collection":[{"href":"https:\/\/www.medienbuero.li\/index.php?rest_route=\/wp\/v2\/posts"}],"about":[{"href":"https:\/\/www.medienbuero.li\/index.php?rest_route=\/wp\/v2\/types\/post"}],"author":[{"embeddable":true,"href":"https:\/\/www.medienbuero.li\/index.php?rest_route=\/wp\/v2\/users\/1"}],"replies":[{"embeddable":true,"href":"https:\/\/www.medienbuero.li\/index.php?rest_route=%2Fwp%2Fv2%2Fcomments&post=2597"}],"version-history":[{"count":0,"href":"https:\/\/www.medienbuero.li\/index.php?rest_route=\/wp\/v2\/posts\/2597\/revisions"}],"wp:featuredmedia":[{"embeddable":true,"href":"https:\/\/www.medienbuero.li\/index.php?rest_route=\/wp\/v2\/media\/1613"}],"wp:attachment":[{"href":"https:\/\/www.medienbuero.li\/index.php?rest_route=%2Fwp%2Fv2%2Fmedia&parent=2597"}],"wp:term":[{"taxonomy":"category","embeddable":true,"href":"https:\/\/www.medienbuero.li\/index.php?rest_route=%2Fwp%2Fv2%2Fcategories&post=2597"},{"taxonomy":"post_tag","embeddable":true,"href":"https:\/\/www.medienbuero.li\/index.php?rest_route=%2Fwp%2Fv2%2Ftags&post=2597"}],"curies":[{"name":"wp","href":"https:\/\/api.w.org\/{rel}","templated":true}]}}