{"id":2596,"date":"2014-05-09T13:17:44","date_gmt":"2014-05-09T13:17:44","guid":{"rendered":"http:\/\/www.medienbuero.li\/?p=1609"},"modified":"2014-05-09T13:17:44","modified_gmt":"2014-05-09T13:17:44","slug":"bauzeit-ausgabe-25","status":"publish","type":"post","link":"https:\/\/www.medienbuero.li\/?p=2596","title":{"rendered":"bau:zeit Ausgabe 25"},"content":{"rendered":"<div class=\"issuuembed\" style=\"width: 560px; height: 350px;\" data-configid=\"2861048\/7793531\"><\/div>\n<p>&nbsp;<br \/>\n<strong>Liebe bau:zeit-Leserin\u00a0<\/strong><br \/>\n<strong>Lieber bau:zeit-Leser<\/strong><br \/>\nAm Samstag, 17. Mai 2014, stehen anl\u00e4sslich des Baustellentages 2014 auf dem Areal des Pumpspeicherkraftwerks Samina in Vaduz Jugendliche und junge Berufsleute im Mittelpunkt. Die Wirtschaftskammer Liechtenstein \u2013 100pro!, Leiter Ivan Schurte, und der Baumeisterverband, Pr\u00e4sident Beat Gassner \u2013 organisieren zusammen mit dem Amt f\u00fcr Bau und Infrastruktur, Projektverantwortlicher Daniel Bader, einen attraktiven Einblick in das Repertoire der Baumeister-Berufe. Junge Berufsleute demonstrieren ihr K\u00f6nnen und zudem k\u00f6nnen sich die Besucher selbst aktiv in Szene setzen. Was es heisst, bei einer Verkehrsfrequenz von t\u00e4glich rund 15\u2018000 Fahrzeugen eine Grossbaustelle \u2013 wie die Strassensanierung Schaan- Vaduz \u2013 zu \u00abmanagen\u00bb, erfahren Sie in dieser bau:zeit. Viel Interessantes pr\u00e4sentieren wir Ihnen zudem aus dem Bereich \u00abEnergie\u00bb, BHKW der LGV, von der AZV-F\u00fchrungscrew Reto Kieber und Hilmar Hasler \u00fcber das Gesch\u00e4ftsjahr 2013, \u00fcber die neue \u00ab3D-Druck\u00bb- Dienstleistung von Roland Testi und Benjamin Marogg, Marogg- modell Triesen, und als Schlussbouquet pr\u00e4sentieren wir Ihnen das moderne MFH an der Eschnerr\u00fctte in Schellenberg.<br \/>\nEine spannende Lekt\u00fcre w\u00fcnscht Ihnen<br \/>\n<span style=\"line-height: 1.5em;\">Johannes Kaiser<\/span><\/p>\n","protected":false},"excerpt":{"rendered":"<p>&nbsp; Liebe bau:zeit-Leserin\u00a0 Lieber bau:zeit-Leser Am Samstag, 17. Mai 2014, stehen anl\u00e4sslich des Baustellentages 2014 auf dem Areal des Pumpspeicherkraftwerks Samina in Vaduz Jugendliche und junge Berufsleute im Mittelpunkt. Die Wirtschaftskammer Liechtenstein \u2013 100pro!, Leiter Ivan Schurte, und der Baumeisterverband, Pr\u00e4sident Beat Gassner \u2013 organisieren zusammen mit dem Amt f\u00fcr Bau und Infrastruktur, Projektverantwortlicher Daniel Bader, einen attraktiven Einblick in das Repertoire der Baumeister-Berufe. Junge&#8230; <\/p>\n<p class=\"more\"><a class=\"more-link\" href=\"https:\/\/www.medienbuero.li\/?p=2596\">Read More<\/a><\/p>\n","protected":false},"author":1,"featured_media":1610,"comment_status":"closed","ping_status":"open","sticky":false,"template":"","format":"standard","meta":{"footnotes":""},"categories":[13,18,16],"tags":[],"_links":{"self":[{"href":"https:\/\/www.medienbuero.li\/index.php?rest_route=\/wp\/v2\/posts\/2596"}],"collection":[{"href":"https:\/\/www.medienbuero.li\/index.php?rest_route=\/wp\/v2\/posts"}],"about":[{"href":"https:\/\/www.medienbuero.li\/index.php?rest_route=\/wp\/v2\/types\/post"}],"author":[{"embeddable":true,"href":"https:\/\/www.medienbuero.li\/index.php?rest_route=\/wp\/v2\/users\/1"}],"replies":[{"embeddable":true,"href":"https:\/\/www.medienbuero.li\/index.php?rest_route=%2Fwp%2Fv2%2Fcomments&post=2596"}],"version-history":[{"count":0,"href":"https:\/\/www.medienbuero.li\/index.php?rest_route=\/wp\/v2\/posts\/2596\/revisions"}],"wp:featuredmedia":[{"embeddable":true,"href":"https:\/\/www.medienbuero.li\/index.php?rest_route=\/wp\/v2\/media\/1610"}],"wp:attachment":[{"href":"https:\/\/www.medienbuero.li\/index.php?rest_route=%2Fwp%2Fv2%2Fmedia&parent=2596"}],"wp:term":[{"taxonomy":"category","embeddable":true,"href":"https:\/\/www.medienbuero.li\/index.php?rest_route=%2Fwp%2Fv2%2Fcategories&post=2596"},{"taxonomy":"post_tag","embeddable":true,"href":"https:\/\/www.medienbuero.li\/index.php?rest_route=%2Fwp%2Fv2%2Ftags&post=2596"}],"curies":[{"name":"wp","href":"https:\/\/api.w.org\/{rel}","templated":true}]}}