{"id":2595,"date":"2014-04-14T09:05:28","date_gmt":"2014-04-14T09:05:28","guid":{"rendered":"http:\/\/www.medienbuero.li\/?p=1603"},"modified":"2014-04-14T09:05:28","modified_gmt":"2014-04-14T09:05:28","slug":"bauzeit-ausgabe-24","status":"publish","type":"post","link":"https:\/\/www.medienbuero.li\/?p=2595","title":{"rendered":"bau:zeit Ausgabe 24"},"content":{"rendered":"<div class=\"issuuembed\" style=\"width: 560px; height: 350px;\" data-configid=\"2861048\/7476071\"><\/div>\n<p>&nbsp;<br \/>\n<strong>Liebe bau:zeit-Leserin\u00a0<\/strong><br \/>\n<strong>Lieber bau:zeit-Leser<\/strong><br \/>\nDie Elkuch Group hat an sieben Standorten in Liechtenstein, der Schweiz und in Deutschland Niederlassungen. bau:zeit stellt Ihnen das neue Businesshouse der Elkuch Group\u00a0 in Bendern vor und l\u00e4sst Sie im Gespr\u00e4ch mit dem Unternehmensinhaber G\u00fcnther Elkuch erfahren,\u00a0 in welchen Bereichen dieses liechtensteinische Unternehmen in Europa eine f\u00fchrende Rolle spielt.<br \/>\nDas Thema \u00abParkhaus f\u00fcr das Malbun\u00bb zieht sich schon \u00fcber Jahre hinweg. Eine L\u00f6sung ist nun greifbar nahe, denn die PHM Immo Aktiengesellschaft mit Sitz in Triesenberg steht nun unmittelbar vor dem Baustart des \u00abParkhaus Malbun\u00bb mit 270 Einstellpl\u00e4tzen auf drei Geschossen.<br \/>\nZ\u00fcgeln, Reinigen, Einrichten\u2026 ist einerseits eine spannende Sache, da sie Farbe und Abwechslung ins Leben bringt, andererseits ist sie auch mit etlichen Umst\u00e4nden verbunden. Doch gibt es zahlreiche Spezialunternehmen, die einen Wohnungs- oder Hauswechsel ganz leicht machen und Ihnen zur Seite stehen. Davon erfahren Sie viel Interessantes in dieser bau:zeit.<br \/>\nViel los ist in der Gemeinde Gamprin-Bendern, nicht nur seit sie mit der Grossab\u00fcnt einen beliebten Anziehungspunkt ausweist. Zukunftsplanungen laufen auch im Bereich der Zonenplanung f\u00fcr Wirtschaft und Gewerbe sowie \u00abWohnen im Alter\u00bb.<br \/>\nViel Spass bei der Lekt\u00fcre w\u00fcnscht Ihnen<br \/>\nJohannes Kaiser<\/p>\n","protected":false},"excerpt":{"rendered":"<p>Die Elkuch Group hat an sieben Standorten in Liechtenstein, der Schweiz und in Deutschland Niederlassungen. bau:zeit stellt Ihnen das neue Businesshouse der Elkuch Group\u00a0 in Bendern vor und l\u00e4sst Sie im Gespr\u00e4ch mit dem Unternehmensinhaber G\u00fcnther Elkuch erfahren,\u00a0 in welchen Bereichen dieses liechtensteinische Unternehmen in Europa eine f\u00fchrende Rolle spielt.<br \/>\nDas Thema \u00abParkhaus f\u00fcr das Malbun\u00bb \u2026<\/p>\n","protected":false},"author":1,"featured_media":0,"comment_status":"closed","ping_status":"open","sticky":false,"template":"","format":"standard","meta":{"footnotes":""},"categories":[13,18,16],"tags":[30,70,85,86,110],"_links":{"self":[{"href":"https:\/\/www.medienbuero.li\/index.php?rest_route=\/wp\/v2\/posts\/2595"}],"collection":[{"href":"https:\/\/www.medienbuero.li\/index.php?rest_route=\/wp\/v2\/posts"}],"about":[{"href":"https:\/\/www.medienbuero.li\/index.php?rest_route=\/wp\/v2\/types\/post"}],"author":[{"embeddable":true,"href":"https:\/\/www.medienbuero.li\/index.php?rest_route=\/wp\/v2\/users\/1"}],"replies":[{"embeddable":true,"href":"https:\/\/www.medienbuero.li\/index.php?rest_route=%2Fwp%2Fv2%2Fcomments&post=2595"}],"version-history":[{"count":0,"href":"https:\/\/www.medienbuero.li\/index.php?rest_route=\/wp\/v2\/posts\/2595\/revisions"}],"wp:attachment":[{"href":"https:\/\/www.medienbuero.li\/index.php?rest_route=%2Fwp%2Fv2%2Fmedia&parent=2595"}],"wp:term":[{"taxonomy":"category","embeddable":true,"href":"https:\/\/www.medienbuero.li\/index.php?rest_route=%2Fwp%2Fv2%2Fcategories&post=2595"},{"taxonomy":"post_tag","embeddable":true,"href":"https:\/\/www.medienbuero.li\/index.php?rest_route=%2Fwp%2Fv2%2Ftags&post=2595"}],"curies":[{"name":"wp","href":"https:\/\/api.w.org\/{rel}","templated":true}]}}