{"id":2594,"date":"2014-04-14T08:59:52","date_gmt":"2014-04-14T08:59:52","guid":{"rendered":"http:\/\/www.medienbuero.li\/?p=1598"},"modified":"2014-04-14T08:59:52","modified_gmt":"2014-04-14T08:59:52","slug":"liezeit-ausgabe-24","status":"publish","type":"post","link":"https:\/\/www.medienbuero.li\/?p=2594","title":{"rendered":"lie:zeit Ausgabe 24"},"content":{"rendered":"<div class=\"issuuembed\" style=\"width: 560px; height: 350px;\" data-configid=\"2861048\/7475963\"><\/div>\n<p>&nbsp;<br \/>\n<b>Liebe Leserinnen,<br \/>\nliebe Leser\u00a0<\/b><br \/>\nDie Liechtensteinerin Tanja Tiama, bekannt als die sympathische Stimme von Radio L, ist vor einem Jahr nach Afrika gezogen, um dort im Bildungsbereich zu arbeiten. Allgegenw\u00e4rtige Armut, Lebensfreude, Lachen und Weinen sowie die gewaltigen Gegens\u00e4tze, die Tanja in Burkina Faso tagt\u00e4glich angetroffen hat, pr\u00e4gen die Zeit der 34j\u00e4hrigen Liechtensteinerin in der Fremde. Unsere Mitarbeiterin Verena Cort\u00e9s hat mit Tanja Tiama kurz vor ihrer R\u00fcckkehr in die Heimat gesprochen.<br \/>\nAurelia Frick ist seit sechs Jahren eine herausragende Pers\u00f6nlichkeit in der Liechtensteinischen Regierungskoalition. Wie die Aussen-und Bildungsministerin die anstehenden Aufgaben anpacken will, verr\u00e4t sie der lie:zeit. Allen Liechtensteinischen Parteien haben wir\u00a0 auch in dieser Monatsausgabe drei Fragen gestellt. Die Antworten finden Sie auf den Seiten 14\/15.<br \/>\n\u00abKein Ruhmesblatt f\u00fcr unsere Politik\u00bb betitelt der langj\u00e4hrige Chefredaktor des Volksblatt und Medienschaffende Walter-Bruno Wohlwend die jahrelange Schlamperei im Umgang mit den Pensionskassa-Geldern f\u00fcr das Staatspersonal. Er bem\u00e4ngelt in seinem Gastbeitrag, dass \u00abVersicherte und Pensionisten nun ausbaden sollen, was jahrelang vers\u00e4umt wurde\u00bb. Der Abg. Johannes Kaiser erinnert an die seinerzeit von \u00d6sterreich, der Schweiz und Liechtenstein unterzeichnete Alpenkonvention und setzt sie in Zusammenhang mit der \u00abB\u00e4renkreuzung\u00bb im Zentrum von Feldkirch und die Auswirkungen auf Liechtenstein.<br \/>\nDer Sportteil\u00a0 besch\u00e4ftigt sich mit dem bevorstehenden Aufstieg des FC Vaduz in die h\u00f6chste Klasse des bezahlten Fussballs in der Schweiz. Des Weiteren berichten wir von den beiden Lokalderbys USV gegen Balzers in der 1. Liga sowie Triesenberg gegen Schaan in der 2. Liga.<br \/>\nKarlheinz Ospelt geht in seinem Gastbeitrag auf die Frage ein, ob nach der knappen Annahme der SVP-Initiative zur Masseneinwanderung durch das Schweizer Volk, auch Auswirkungen auf Liechtenstein zu erwarten sind.\u00a0 Unsere Mitarbeiterin Barbara Schneider hat sich mit dem kaufm\u00e4nnischen Direktor bei FL1, mobilkom liechtenstein AG, Mathias Maierhofer, \u00fcber die Produkte unterhalten, die sein Unternehmen anzubieten hat.<br \/>\nLesen Sie den Schlussteil der Lebensgeschichte \u00fcber den 95j\u00e4hrigen Metzgermeister Gustav Kaufmann, der in Schaan geboren wurde, in Triesenberg aufwuchs, seine eigene Metzgerei in Mauren unterhielt und den Lebensabend auf Schellenberg verbringt. Gustav ist eine Pers\u00f6nlichkeit nach altem Schrot und Korn. Das Echo auf die Beitr\u00e4ge seines Lebens war sehr gross.<br \/>\n&nbsp;<br \/>\nIch w\u00fcnsche allen eine spannende Lekt\u00fcre und sage tsch\u00fcss bis zur Mai-Ausgabe (Erscheint am 10. Mai)<br \/>\nHerbert Oehri<br \/>\nHerausgeber<br \/>\n&nbsp;<br \/>\n&nbsp;<br \/>\n&nbsp;<\/p>\n","protected":false},"excerpt":{"rendered":"<p>Die Liechtensteinerin Tanja Tiama, bekannt als die sympathische Stimme von Radio L, ist vor einem Jahr nach Afrika gezogen, um dort im Bildungsbereich zu arbeiten. Allgegenw\u00e4rtige Armut, Lebensfreude, Lachen und Weinen sowie die gewaltigen Gegens\u00e4tze, die Tanja in Burkina Faso tagt\u00e4glich angetroffen hat, pr\u00e4gen die Zeit der 34j\u00e4hrigen Liechtensteinerin in der Fremde. Unsere Mitarbeiterin Verena Cort\u00e9s hat mit Tanja Tiama kurz vor ihrer R\u00fcckkehr in die Heimat gesprochen.<br \/>\nAurelia Frick ist seit sechs Jahren eine herausragende Pers\u00f6nlichkeit in der Liechtensteinischen Regierungskoalition. Wie die Aussen-und Bildungsministerin die anstehenden Aufgaben anpacken will, verr\u00e4t sie der lie:zeit. Allen Liechtensteinischen Parteien haben wir  auch in dieser \u2026<\/p>\n","protected":false},"author":1,"featured_media":1599,"comment_status":"closed","ping_status":"open","sticky":false,"template":"","format":"standard","meta":{"footnotes":""},"categories":[18,14,16],"tags":[62,70,85,86,110],"_links":{"self":[{"href":"https:\/\/www.medienbuero.li\/index.php?rest_route=\/wp\/v2\/posts\/2594"}],"collection":[{"href":"https:\/\/www.medienbuero.li\/index.php?rest_route=\/wp\/v2\/posts"}],"about":[{"href":"https:\/\/www.medienbuero.li\/index.php?rest_route=\/wp\/v2\/types\/post"}],"author":[{"embeddable":true,"href":"https:\/\/www.medienbuero.li\/index.php?rest_route=\/wp\/v2\/users\/1"}],"replies":[{"embeddable":true,"href":"https:\/\/www.medienbuero.li\/index.php?rest_route=%2Fwp%2Fv2%2Fcomments&post=2594"}],"version-history":[{"count":0,"href":"https:\/\/www.medienbuero.li\/index.php?rest_route=\/wp\/v2\/posts\/2594\/revisions"}],"wp:featuredmedia":[{"embeddable":true,"href":"https:\/\/www.medienbuero.li\/index.php?rest_route=\/wp\/v2\/media\/1599"}],"wp:attachment":[{"href":"https:\/\/www.medienbuero.li\/index.php?rest_route=%2Fwp%2Fv2%2Fmedia&parent=2594"}],"wp:term":[{"taxonomy":"category","embeddable":true,"href":"https:\/\/www.medienbuero.li\/index.php?rest_route=%2Fwp%2Fv2%2Fcategories&post=2594"},{"taxonomy":"post_tag","embeddable":true,"href":"https:\/\/www.medienbuero.li\/index.php?rest_route=%2Fwp%2Fv2%2Ftags&post=2594"}],"curies":[{"name":"wp","href":"https:\/\/api.w.org\/{rel}","templated":true}]}}