{"id":2593,"date":"2014-03-06T14:22:26","date_gmt":"2014-03-06T14:22:26","guid":{"rendered":"http:\/\/www.medienbuero.li\/?p=1591"},"modified":"2014-03-06T14:22:26","modified_gmt":"2014-03-06T14:22:26","slug":"bauzeit-ausgabe-23","status":"publish","type":"post","link":"https:\/\/www.medienbuero.li\/?p=2593","title":{"rendered":"bau:zeit Ausgabe 23"},"content":{"rendered":"<div data-configid=\"2861048\/6994663\" style=\"width: 560px; height: 350px;\" class=\"issuuembed\"><\/div>\n<p><script type=\"text\/javascript\" src=\"\/\/e.issuu.com\/embed.js\" async=\"true\"><\/script><br \/>\nLiebe bau:zeit-Leserin<br \/>\nLieber bau:zeit-Leser<br \/>\nDie Entwicklung in der Solarenergie war in den letzten Jahrzehnten enorm. Die Solar- und Photovoltaik-Technologie hat auch in unserem Land vor rund\u00a0 30 Jahren eingesetzt und allm\u00e4hlich die \u00abD\u00e4cher\u00bb erobert. Die Pionierarbeit der Solargenossenschaft Liechtenstein und einzelner Unternehmen sowie die einsetzenden F\u00f6rderprogramme des Landes gaben der Sonnenenergie einen augenscheinlichen Aufwind. Liechtenstein steht bez\u00fcglich installierter Photovoltaikleistung pro Kopf zusammen mit Deutschland gar zuoberst auf dem Podest. Wenn am Anfang eher die Masse als die Klasse z\u00e4hlte, kommt heute der Geb\u00e4udeintegration sowie \u00c4sthetik ein besonderes Augenmerk zu. Die bau:zeit zeigt Ihnen zusammen mit liechtensteinischen Unternehmern Solar- und Photovoltaikanlagen, die nicht nur qualitativ hervorragend, sondern zudem sehr fotogen sind.<br \/>\n<span style=\"line-height: 1.5em;\">Von grossem Interesse werden mit Sicherheit die Projektpr\u00e4sentationen sein, diesmal mit zwei modernen Mehrfamilienh\u00e4usern des Architekten Patrick Matt an der Churerstrasse in Nendeln sowie eine exklusive Wohn-\u00dcberbauung des Architekten Helmut Verling am Haldenweg in Vaduz.<\/span><br \/>\n<span style=\"line-height: 1.5em;\">Und es gibt viele weitere Themen, die Sie nur in der bau:zeit finden.<\/span><br \/>\n<span style=\"line-height: 1.5em;\">Johannes Kaiser, Redaktionsleiter<br \/>\n<\/span>johannes.kaiser@medienbuero.li<\/p>\n","protected":false},"excerpt":{"rendered":"<p>Liebe bau:zeit-Leserin Lieber bau:zeit-Leser Die Entwicklung in der Solarenergie war in den letzten Jahrzehnten enorm. Die Solar- und Photovoltaik-Technologie hat auch in unserem Land vor rund\u00a0 30 Jahren eingesetzt und allm\u00e4hlich die \u00abD\u00e4cher\u00bb erobert. Die Pionierarbeit der Solargenossenschaft Liechtenstein und einzelner Unternehmen sowie die einsetzenden F\u00f6rderprogramme des Landes gaben der Sonnenenergie einen augenscheinlichen Aufwind. Liechtenstein steht bez\u00fcglich installierter Photovoltaikleistung pro Kopf zusammen mit Deutschland gar&#8230; <\/p>\n<p class=\"more\"><a class=\"more-link\" href=\"https:\/\/www.medienbuero.li\/?p=2593\">Read More<\/a><\/p>\n","protected":false},"author":1,"featured_media":1588,"comment_status":"closed","ping_status":"open","sticky":false,"template":"","format":"standard","meta":{"footnotes":""},"categories":[13,18,16],"tags":[30,31,70,85,86],"_links":{"self":[{"href":"https:\/\/www.medienbuero.li\/index.php?rest_route=\/wp\/v2\/posts\/2593"}],"collection":[{"href":"https:\/\/www.medienbuero.li\/index.php?rest_route=\/wp\/v2\/posts"}],"about":[{"href":"https:\/\/www.medienbuero.li\/index.php?rest_route=\/wp\/v2\/types\/post"}],"author":[{"embeddable":true,"href":"https:\/\/www.medienbuero.li\/index.php?rest_route=\/wp\/v2\/users\/1"}],"replies":[{"embeddable":true,"href":"https:\/\/www.medienbuero.li\/index.php?rest_route=%2Fwp%2Fv2%2Fcomments&post=2593"}],"version-history":[{"count":0,"href":"https:\/\/www.medienbuero.li\/index.php?rest_route=\/wp\/v2\/posts\/2593\/revisions"}],"wp:featuredmedia":[{"embeddable":true,"href":"https:\/\/www.medienbuero.li\/index.php?rest_route=\/wp\/v2\/media\/1588"}],"wp:attachment":[{"href":"https:\/\/www.medienbuero.li\/index.php?rest_route=%2Fwp%2Fv2%2Fmedia&parent=2593"}],"wp:term":[{"taxonomy":"category","embeddable":true,"href":"https:\/\/www.medienbuero.li\/index.php?rest_route=%2Fwp%2Fv2%2Fcategories&post=2593"},{"taxonomy":"post_tag","embeddable":true,"href":"https:\/\/www.medienbuero.li\/index.php?rest_route=%2Fwp%2Fv2%2Ftags&post=2593"}],"curies":[{"name":"wp","href":"https:\/\/api.w.org\/{rel}","templated":true}]}}