{"id":2592,"date":"2014-03-06T14:18:43","date_gmt":"2014-03-06T14:18:43","guid":{"rendered":"http:\/\/www.medienbuero.li\/?p=1585"},"modified":"2014-03-06T14:18:43","modified_gmt":"2014-03-06T14:18:43","slug":"liezeit-ausgabe-23","status":"publish","type":"post","link":"https:\/\/www.medienbuero.li\/?p=2592","title":{"rendered":"lie:zeit Ausgabe 23"},"content":{"rendered":"<div class=\"issuuembed\" style=\"width: 560px; height: 350px;\" data-configid=\"2861048\/6994659\"><\/div>\n<p>&nbsp;<br \/>\n<b>Liebe Leserinnen,<br \/>\n<\/b><b>liebe Leser\u00a0<\/b><br \/>\n<b><\/b><span style=\"line-height: 1.5em;\">Unsere heutige Titelstory befasst sich mit der Familienf\u00f6rderung und den Problemen, die sich f\u00fcr berufst\u00e4tige M\u00fctter auftun. Die lie:zeit hat zu einem runden Tisch gebeten, an dem betroffene Frauen diskutierten und die eine oder andere L\u00f6sungsm\u00f6glichkeit vorschlugen. Ein Credo, das sich unser Wirtschaftsminister Thomas Zwiefelhofer auf die Fahne geschrieben hat, ist der Wunsch Liechtenstein als attraktiven Wirtschaftsstandort zu positionieren. Dr. Hansj\u00f6rg Marxer aus Schaan zeigt in seinem Beitrag auf, dass wir die Kosten-Entwicklung um Gesundheitswesen rasch in den Griff bekommen sollten. <!--more-->Er stellt auch die Frage, ob das Kostenwachstum, das bereits begonnen hat, nun jedes Jahr zu erwarten sei. In seinem monatlichen Gast-Kommentar stellt Walter-Bruno Wohlwend fest, dass die \u00abSofortmassnahmen\u00bb im Bereich des Gesundheitswesens eine Polemik gegen\u00fcber den \u00c4rzten in Liechtenstein provozierten. Der Abgeordnete Johannes Kaiser befasst sich mit der Steueramnestie, die Gegenstand in der Landtagssitzung der n\u00e4chsten Landtagssitzung sein wird. Die Rubrik \u00abpolit:zeit\u00bb ist Aussagen der vier im Landtag vertretenen Parteien vorbehalten. Wird der FC Vaduz aufsteigen? Die sport:zeit befasst sich mit dieser Frage, wie auch Statements mit den Erstliga-Trainern Wegmann (USV) und Frick (FC Balzers).<\/span><br \/>\nBundesr\u00e4tin Doris Leuthard, Hilti-CEO Christoph Loos, Hirnforscher Manfred Spitzer und \u00d6konom Aymo Brunetti sind einige der Aush\u00e4ngeschilder des\u00a09. Unternehmertags, der am 27. M\u00e4rz in der Sp\u00f6rry-Halle in Vaduz stattfinden wird.<br \/>\nDie grauen Haare sind ihr Markenzeichen, sie ist ein international gefragtes Model und feiert dieses Jahr ihren 60. Geburtstag: Gabriela Rickli-Gerster, die in Vaduz wohnt. Ob Fotoshootings f\u00fcr Luxusprodukte, Laufstegauftritte f\u00fcr Modezaren oder Rollen in Werbefilmen \u2013 Gabriela Rickli-Gerster ist im Modelbusiness dick im Gesch\u00e4ft. Lie:zeit hat die aussergew\u00f6hnliche Frau besucht.<br \/>\nWer kennt ihn nicht, den mit 60 Jahren jung gebliebenen Radio L-Intendant und Gesch\u00e4ftsf\u00fchrer Alois Ospelt, der in seiner Arbeit v\u00f6llig aufgeht. Wir haben ihn zu seinem Engagement beim Radio befragt.<br \/>\nF\u00fcr alle Leser\/innen, welche Teil 1 und 2 der Lebensgeschichte des 95j\u00e4hrigen Metzgermeisters Gustav Kaufmann gelesen haben, m\u00fcssen auf den 3. Teil noch warten. Er erscheint in der April-Nummer.<br \/>\nIch w\u00fcnsche euch eine spannende Lekt\u00fcre und sage tsch\u00fcss bis zur April-Ausgabe.<br \/>\nHerbert Oehri<br \/>\nHerausgeber<\/p>\n","protected":false},"excerpt":{"rendered":"<p>&nbsp; Liebe Leserinnen, liebe Leser\u00a0 Unsere heutige Titelstory befasst sich mit der Familienf\u00f6rderung und den Problemen, die sich f\u00fcr berufst\u00e4tige M\u00fctter auftun. Die lie:zeit hat zu einem runden Tisch gebeten, an dem betroffene Frauen diskutierten und die eine oder andere L\u00f6sungsm\u00f6glichkeit vorschlugen. Ein Credo, das sich unser Wirtschaftsminister Thomas Zwiefelhofer auf die Fahne geschrieben hat, ist der Wunsch Liechtenstein als attraktiven Wirtschaftsstandort zu positionieren. Dr&#8230;. <\/p>\n<p class=\"more\"><a class=\"more-link\" href=\"https:\/\/www.medienbuero.li\/?p=2592\">Read More<\/a><\/p>\n","protected":false},"author":1,"featured_media":1589,"comment_status":"closed","ping_status":"open","sticky":false,"template":"","format":"standard","meta":{"footnotes":""},"categories":[13,18,16],"tags":[27,28,29,30,70,85,86,110],"_links":{"self":[{"href":"https:\/\/www.medienbuero.li\/index.php?rest_route=\/wp\/v2\/posts\/2592"}],"collection":[{"href":"https:\/\/www.medienbuero.li\/index.php?rest_route=\/wp\/v2\/posts"}],"about":[{"href":"https:\/\/www.medienbuero.li\/index.php?rest_route=\/wp\/v2\/types\/post"}],"author":[{"embeddable":true,"href":"https:\/\/www.medienbuero.li\/index.php?rest_route=\/wp\/v2\/users\/1"}],"replies":[{"embeddable":true,"href":"https:\/\/www.medienbuero.li\/index.php?rest_route=%2Fwp%2Fv2%2Fcomments&post=2592"}],"version-history":[{"count":0,"href":"https:\/\/www.medienbuero.li\/index.php?rest_route=\/wp\/v2\/posts\/2592\/revisions"}],"wp:featuredmedia":[{"embeddable":true,"href":"https:\/\/www.medienbuero.li\/index.php?rest_route=\/wp\/v2\/media\/1589"}],"wp:attachment":[{"href":"https:\/\/www.medienbuero.li\/index.php?rest_route=%2Fwp%2Fv2%2Fmedia&parent=2592"}],"wp:term":[{"taxonomy":"category","embeddable":true,"href":"https:\/\/www.medienbuero.li\/index.php?rest_route=%2Fwp%2Fv2%2Fcategories&post=2592"},{"taxonomy":"post_tag","embeddable":true,"href":"https:\/\/www.medienbuero.li\/index.php?rest_route=%2Fwp%2Fv2%2Ftags&post=2592"}],"curies":[{"name":"wp","href":"https:\/\/api.w.org\/{rel}","templated":true}]}}