{"id":2591,"date":"2013-09-27T11:09:57","date_gmt":"2013-09-27T11:09:57","guid":{"rendered":"http:\/\/www.medienbuero.li\/?p=1423"},"modified":"2013-09-27T11:09:57","modified_gmt":"2013-09-27T11:09:57","slug":"wir-sind-umgezogen","status":"publish","type":"post","link":"https:\/\/www.medienbuero.li\/?p=2591","title":{"rendered":"Wir sind umgezogen \u2026"},"content":{"rendered":"<p><img fetchpriority=\"high\" decoding=\"async\" class=\" wp-image-1424 alignnone\" alt=\"Bildschirmfoto 2013-09-26 um 13.40.40\" src=\"http:\/\/www.medienbuero.li\/wp-content\/uploads\/2013\/09\/Bildschirmfoto-2013-09-26-um-13.40.40.png\" width=\"600\" height=\"493\" srcset=\"https:\/\/www.medienbuero.li\/wp-content\/uploads\/2013\/09\/Bildschirmfoto-2013-09-26-um-13.40.40.png 750w, https:\/\/www.medienbuero.li\/wp-content\/uploads\/2013\/09\/Bildschirmfoto-2013-09-26-um-13.40.40-300x246.png 300w, https:\/\/www.medienbuero.li\/wp-content\/uploads\/2013\/09\/Bildschirmfoto-2013-09-26-um-13.40.40-550x452.png 550w, https:\/\/www.medienbuero.li\/wp-content\/uploads\/2013\/09\/Bildschirmfoto-2013-09-26-um-13.40.40-609x500.png 609w\" sizes=\"(max-width: 600px) 100vw, 600px\" \/><br \/>\n<strong>Die Medienbuero AG ist umgezogen und empf\u00e4ngt Sie ab Montag, dem 30. September in den neuen B\u00fcror\u00e4umen in der Essanestrasse 116, 9492 Eschen. Die Telefonnummern haben sich nicht ge\u00e4ndert.<\/strong><br \/>\n<img decoding=\"async\" class=\"alignleft  wp-image-1425\" alt=\"IMG_00000552\" src=\"http:\/\/www.medienbuero.li\/wp-content\/uploads\/2013\/09\/IMG_00000552-1024x1024.jpg\" width=\"614\" height=\"614\" \/><\/p>\n","protected":false},"excerpt":{"rendered":"<p>Die Medienbuero AG ist umgezogen und empf\u00e4ngt Sie ab Montag, dem 30. September in den neuen B\u00fcror\u00e4umen in der Essanestrasse 116, 9492 Eschen. Die Telefonnummern haben sich nicht ge\u00e4ndert.<\/p>\n","protected":false},"author":1,"featured_media":1424,"comment_status":"open","ping_status":"open","sticky":false,"template":"","format":"standard","meta":{"footnotes":""},"categories":[18,19],"tags":[37,38,70,75,100],"_links":{"self":[{"href":"https:\/\/www.medienbuero.li\/index.php?rest_route=\/wp\/v2\/posts\/2591"}],"collection":[{"href":"https:\/\/www.medienbuero.li\/index.php?rest_route=\/wp\/v2\/posts"}],"about":[{"href":"https:\/\/www.medienbuero.li\/index.php?rest_route=\/wp\/v2\/types\/post"}],"author":[{"embeddable":true,"href":"https:\/\/www.medienbuero.li\/index.php?rest_route=\/wp\/v2\/users\/1"}],"replies":[{"embeddable":true,"href":"https:\/\/www.medienbuero.li\/index.php?rest_route=%2Fwp%2Fv2%2Fcomments&post=2591"}],"version-history":[{"count":0,"href":"https:\/\/www.medienbuero.li\/index.php?rest_route=\/wp\/v2\/posts\/2591\/revisions"}],"wp:featuredmedia":[{"embeddable":true,"href":"https:\/\/www.medienbuero.li\/index.php?rest_route=\/wp\/v2\/media\/1424"}],"wp:attachment":[{"href":"https:\/\/www.medienbuero.li\/index.php?rest_route=%2Fwp%2Fv2%2Fmedia&parent=2591"}],"wp:term":[{"taxonomy":"category","embeddable":true,"href":"https:\/\/www.medienbuero.li\/index.php?rest_route=%2Fwp%2Fv2%2Fcategories&post=2591"},{"taxonomy":"post_tag","embeddable":true,"href":"https:\/\/www.medienbuero.li\/index.php?rest_route=%2Fwp%2Fv2%2Ftags&post=2591"}],"curies":[{"name":"wp","href":"https:\/\/api.w.org\/{rel}","templated":true}]}}