{"id":2588,"date":"2013-08-12T11:49:18","date_gmt":"2013-08-12T11:49:18","guid":{"rendered":"http:\/\/www.medienbuero.li\/?p=1374"},"modified":"2013-08-12T11:49:18","modified_gmt":"2013-08-12T11:49:18","slug":"liezeit-ausgabe-17-online","status":"publish","type":"post","link":"https:\/\/www.medienbuero.li\/?p=2588","title":{"rendered":"lie:zeit Ausgabe 17 online"},"content":{"rendered":"<p><b>Liebe Leserinnen,\u00a0<\/b><br \/>\n<b>liebe Leser\u00a0<\/b><br \/>\n&nbsp;<br \/>\nIn wenigen Tagen feiern wir den Liechtensteiner Staatsfeiertag. Er steht unter dem Motto: \u00abWir sind Liechtenstein\u00bb. In der Gesellschaft hat sich in den letzten paar Jahren einiges ge\u00e4ndert. Wir sind mit verh\u00e4ltnism\u00e4ssig grossen Staatsdefiziten konfrontiert, der ungel\u00f6ste Pensionskassa-Skandal in hundertfacher Millionenh\u00f6he besch\u00e4ftigt uns, das immer drastischere Zusammenschmelzen des Finanzplatzes hinterl\u00e4sst ungeahnte Spuren, die Quellen beginnen langsam zu versiegen. Es wird und muss gespart werden, denn die Goldenen Zeiten sind (vorl\u00e4ufig) vor\u00fcber. Und auch an Steuererh\u00f6hungen kommen wir nicht herum.<br \/>\nErbprinz Alois sagt in einem Spezial-Interview in dieser Ausgabe, dass er \u00abvor allem bei den grossen Ausgabenbl\u00f6cken sparen w\u00fcrde, insbesondere bei den Staatsbeitr\u00e4gen an Personen und Institutionen\u00bb.<br \/>\nMehr denn je sind von uns Fleiss, Charakterst\u00e4rke, Innovationskraft, Verl\u00e4sslichkeit und Liebe zur Heimat gefragt, wie es Landtagspr\u00e4sident Albert Frick in seinen Gedanken zum Staatsfeiertag im Innern der heutigen Ausgabe so treffend formuliert hat. Er fordert alle auf mitzuhelfen, um sich aus dieser Umklammerung zu befreien und das Gemeinsame vor das Trennende zu stellen.<br \/>\nIn der Sportszene erz\u00e4hlen die zwei besten Tennisspielerinnen Liechtensteins, Steffi Vogt und Kathinka von Deichmann aus ihrem Leben.<br \/>\nJohannes Kaiser befragte drei Vorsteher \u00fcber die Sparbem\u00fchungen des Landes, \u00fcber die finanzielle Situation bei den Gemeinden, \u00fcber die Einf\u00fchrung eines einheitlichen Gemeindesteuersatzes f\u00fcr alle Gemeinden und \u00fcber die Idee des horizontalen Finanzausgleichs innerhalb der elf Gemeinden.<br \/>\nEine Rubrik, die in der lie:zeit nie fehlt ist die Rubrik: \u00abWas macht eigentlich?\u00bb. Diesmal befragten wir die erste Vorsteherin Liechtensteins, Frau Maria Marxer aus Gamprin.<br \/>\nLiechtensteins Briefmarken geniessen seit mehr als 100 Jahren weltweit einen hervorragenden Ruf. Viele Preise und Auszeichnungen zeugen davon.\u00a0 Eine weitere Auszeichnung erhielt k\u00fcrzlich die vom K\u00fcnstler Louis J\u00e4ger entworfene Briefmarke zum Jubil\u00e4um \u00ab300 Jahre Liechtensteiner Oberland\u00bb. Die Jubil\u00e4umsmarke von 2012 wurde zur sch\u00f6nsten der Welt gew\u00e4hlt.<br \/>\nIn der Kunstszene wirft ein Grossereignis seine Schatten voraus. Das Vaduzer Sammler-Ehepaar Rita und Herbert Batliner zeigt aus ihrer bedeutenden europ\u00e4ischen Privatsammlung von Anfang Oktober 2013 Exponate von Meistern wie Picasso, Chagall, Monet u.a.m.<br \/>\nIm Maurer Riet, auf dem \u00abZerwas-Hof\u00bb, lebt eine kleine Herde k\u00e4lteunempfindlicher Hausrinder-Rasse.Vor einem Monat kam ein Jungtier unter freiem Himmel zur Welt. Es ist ein Bulle und bekam den Namen \u00abRambo\u00bb.<br \/>\nIn diesem Sinne w\u00fcnsche ich (Herbert Oehri) euch eine spannende Lekt\u00fcre und sage tsch\u00fcss bis zur September -Ausgabe.<br \/>\n&nbsp;<br \/>\n<iframe src=\"\/\/e.issuu.com\/embed.html#2861048\/4383963\" height=\"350\" width=\"580\" allowfullscreen=\"\" frameborder=\"0\"><\/iframe><\/p>\n","protected":false},"excerpt":{"rendered":"<p>Liebe Leserinnen,\u00a0 liebe Leser\u00a0 &nbsp; In wenigen Tagen feiern wir den Liechtensteiner Staatsfeiertag. Er steht unter dem Motto: \u00abWir sind Liechtenstein\u00bb. In der Gesellschaft hat sich in den letzten paar Jahren einiges ge\u00e4ndert. Wir sind mit verh\u00e4ltnism\u00e4ssig grossen Staatsdefiziten konfrontiert, der ungel\u00f6ste Pensionskassa-Skandal in hundertfacher Millionenh\u00f6he besch\u00e4ftigt uns, das immer drastischere Zusammenschmelzen des Finanzplatzes hinterl\u00e4sst ungeahnte Spuren, die Quellen beginnen langsam zu versiegen. Es wird&#8230; <\/p>\n<p class=\"more\"><a class=\"more-link\" href=\"https:\/\/www.medienbuero.li\/?p=2588\">Read More<\/a><\/p>\n","protected":false},"author":1,"featured_media":1375,"comment_status":"closed","ping_status":"open","sticky":false,"template":"","format":"standard","meta":{"footnotes":""},"categories":[18,14],"tags":[31,62,70,85,110],"_links":{"self":[{"href":"https:\/\/www.medienbuero.li\/index.php?rest_route=\/wp\/v2\/posts\/2588"}],"collection":[{"href":"https:\/\/www.medienbuero.li\/index.php?rest_route=\/wp\/v2\/posts"}],"about":[{"href":"https:\/\/www.medienbuero.li\/index.php?rest_route=\/wp\/v2\/types\/post"}],"author":[{"embeddable":true,"href":"https:\/\/www.medienbuero.li\/index.php?rest_route=\/wp\/v2\/users\/1"}],"replies":[{"embeddable":true,"href":"https:\/\/www.medienbuero.li\/index.php?rest_route=%2Fwp%2Fv2%2Fcomments&post=2588"}],"version-history":[{"count":0,"href":"https:\/\/www.medienbuero.li\/index.php?rest_route=\/wp\/v2\/posts\/2588\/revisions"}],"wp:featuredmedia":[{"embeddable":true,"href":"https:\/\/www.medienbuero.li\/index.php?rest_route=\/wp\/v2\/media\/1375"}],"wp:attachment":[{"href":"https:\/\/www.medienbuero.li\/index.php?rest_route=%2Fwp%2Fv2%2Fmedia&parent=2588"}],"wp:term":[{"taxonomy":"category","embeddable":true,"href":"https:\/\/www.medienbuero.li\/index.php?rest_route=%2Fwp%2Fv2%2Fcategories&post=2588"},{"taxonomy":"post_tag","embeddable":true,"href":"https:\/\/www.medienbuero.li\/index.php?rest_route=%2Fwp%2Fv2%2Ftags&post=2588"}],"curies":[{"name":"wp","href":"https:\/\/api.w.org\/{rel}","templated":true}]}}