{"id":2586,"date":"2013-04-12T14:24:48","date_gmt":"2013-04-12T14:24:48","guid":{"rendered":"http:\/\/www.medienbuero.li\/?p=1284"},"modified":"2013-04-12T14:24:48","modified_gmt":"2013-04-12T14:24:48","slug":"liezeit-ausgabe-14-ist-online","status":"publish","type":"post","link":"https:\/\/www.medienbuero.li\/?p=2586","title":{"rendered":"lie:zeit Ausgabe #14 ist online"},"content":{"rendered":"<p><b>Liebe Leserinnen,\u00a0<\/b><b>liebe Leser<\/b><br \/>\nEin Interview der besonderen Art ist uns mit S.D. Landesf\u00fcrst Hans-Adam II. gelungen. Er hat uns aus seiner Jugendzeit und dem Erwachsenwerden erz\u00e4hlt, aber auch von seinen Neigungen als Kind und die ersten Schritte auf dem politischen Parkett, auf dem ihn besonders sein Vater f\u00fchrte und pr\u00e4gte.<br \/>\nAn ein hoch brisantes Thema hat sich unser langj\u00e4hriger Mitarbeiter Alexander Batliner gewagt: an den beabsichtigten Verkauf der Telecom FL samt Netzinfrastruktur an die Swisscom. Die Fronten sind verh\u00e4rtet, beide Seiten f\u00fchren nachvollziehbare Argumente ins Feld. Wir haben uns mit dem CEO der Swisscom AG, Herr Carsten Schloter aus erster Hand \u00fcber den Stand der aktuellen Lage informieren lassen.<br \/>\nEin wichtiges Thema, das Liechtenstein seit l\u00e4ngerer Zeit schon besch\u00e4ftigt, ist die finanzielle Schieflage des Staatshaushaltes. Deshalb sagt Regierungschef Adrian Hasler im Interview mit der lie:zeit ganz deutlich, dass bei ihm die Sanierung des Staatshaushalts oberste Priorit\u00e4t geniesse. Sein Stellvertreter Thomas Zwiefelhofer stellt seine ihm anvertrauten Ministerien und die grosse Arbeit, die auf ihn warte, n\u00e4her vor. Dabei schenkt er besonders dem Ressort Wirtschaft ein entsprechendes Augenmerk.<br \/>\nDer Gesch\u00e4ftsf\u00fchrer der Treuh\u00e4ndervereinigung (THV), Clemens Laternser, geht in einem Interview der Frage des noch von Klaus Tsch\u00fctscher unterschriebenen DBA mit \u00d6sterreich nach. Die THV bezweifelt, ob es \u00fcberhaupt EWR-konform ist und fordert Nachbesserungen. Pio Schurti, Du-Abgeordneter im Landtag, will mit seinen Fraktionskollegen die Koalitionsregierung an ihren Anspr\u00fcchen und Versprechungen messen, die in der Koalitionsvereinbarung festgehalten sind. Martin J. Matt verweist in seinem Beitrag auf die Gr\u00fcndung des Nordic Club Liechtenstein, der f\u00fcnf Jahre alt wird und stellt ihn mit seinen erfolgreichen Auftritten \u2013 besonders in diesem Winter \u2013 n\u00e4her vor. Tamara Beck hat die ersten Liechtensteiner Wetterfee Bettina Walch besucht, die in der Zwischenzeit als h\u00f6chst erfolgreiche Radiomacherin bei SRF 3 von sich reden macht. Der Wildpark Feldkirch, der auf ganz Vorarlberg und in die weite Region als ein Tierpark mit besonderen Attraktionen seine Faszination aus\u00fcbt, begeht seinen 50. Geburtstag. Johannes Kaiser stellt den Park als ein beliebtes Ausflugsziel vor. Der Umgang mit Krebs ist so individuelle wie der Mensch selbst, sagt Marion Leal, frisch gek\u00fcrte \u00abFrau des Jahres\u00bb in Liechtenstein, die viele Menschen und deren Schicksale auf dem oftmals schwierigen Weg begleitet.<br \/>\n&nbsp;<br \/>\nIn diesem Sinne w\u00fcnsche ich (Herbert Oehri) \u00a0euch eine spannende Lekt\u00fcre und tsch\u00fcss bis zum 11. Mai<br \/>\n<iframe src=\"\/\/e.issuu.com\/embed.html#2861048\/2054260\" height=\"350\" width=\"580\" allowfullscreen=\"\" frameborder=\"0\"><\/iframe><br \/>\n&nbsp;<\/p>\n","protected":false},"excerpt":{"rendered":"<p>Liebe Leserinnen,\u00a0liebe Leser Ein Interview der besonderen Art ist uns mit S.D. Landesf\u00fcrst Hans-Adam II. gelungen. Er hat uns aus seiner Jugendzeit und dem Erwachsenwerden erz\u00e4hlt, aber auch von seinen Neigungen als Kind und die ersten Schritte auf dem politischen Parkett, auf dem ihn besonders sein Vater f\u00fchrte und pr\u00e4gte. An ein hoch brisantes Thema hat sich unser langj\u00e4hriger Mitarbeiter Alexander Batliner gewagt: an den&#8230; <\/p>\n<p class=\"more\"><a class=\"more-link\" href=\"https:\/\/www.medienbuero.li\/?p=2586\">Read More<\/a><\/p>\n","protected":false},"author":1,"featured_media":1285,"comment_status":"closed","ping_status":"open","sticky":false,"template":"","format":"standard","meta":{"footnotes":""},"categories":[18,14],"tags":[62,70,110],"_links":{"self":[{"href":"https:\/\/www.medienbuero.li\/index.php?rest_route=\/wp\/v2\/posts\/2586"}],"collection":[{"href":"https:\/\/www.medienbuero.li\/index.php?rest_route=\/wp\/v2\/posts"}],"about":[{"href":"https:\/\/www.medienbuero.li\/index.php?rest_route=\/wp\/v2\/types\/post"}],"author":[{"embeddable":true,"href":"https:\/\/www.medienbuero.li\/index.php?rest_route=\/wp\/v2\/users\/1"}],"replies":[{"embeddable":true,"href":"https:\/\/www.medienbuero.li\/index.php?rest_route=%2Fwp%2Fv2%2Fcomments&post=2586"}],"version-history":[{"count":0,"href":"https:\/\/www.medienbuero.li\/index.php?rest_route=\/wp\/v2\/posts\/2586\/revisions"}],"wp:featuredmedia":[{"embeddable":true,"href":"https:\/\/www.medienbuero.li\/index.php?rest_route=\/wp\/v2\/media\/1285"}],"wp:attachment":[{"href":"https:\/\/www.medienbuero.li\/index.php?rest_route=%2Fwp%2Fv2%2Fmedia&parent=2586"}],"wp:term":[{"taxonomy":"category","embeddable":true,"href":"https:\/\/www.medienbuero.li\/index.php?rest_route=%2Fwp%2Fv2%2Fcategories&post=2586"},{"taxonomy":"post_tag","embeddable":true,"href":"https:\/\/www.medienbuero.li\/index.php?rest_route=%2Fwp%2Fv2%2Ftags&post=2586"}],"curies":[{"name":"wp","href":"https:\/\/api.w.org\/{rel}","templated":true}]}}