{"id":2584,"date":"2012-12-21T08:51:56","date_gmt":"2012-12-21T08:51:56","guid":{"rendered":"http:\/\/www.medienbuero.li\/?p=1166"},"modified":"2012-12-21T08:51:56","modified_gmt":"2012-12-21T08:51:56","slug":"gemeindeinfo-schellenberg","status":"publish","type":"post","link":"https:\/\/www.medienbuero.li\/?p=2584","title":{"rendered":"Gemeindeinfo Schellenberg"},"content":{"rendered":"<p>Auch diese Ausgabe der Brosch\u00fcre durfte das Medienbuero Oehri &#038; Kaiser AG zusammen mit der Gemeinde Schellenberg produzieren. Herausgekommen ist eine informative, locker und bunt gestaltete Ausgabe, die heute druckfrisch bei den Bewohnerinnen und Bewohnern der Gemeinde Schellenberg im Postkasten liegen d\u00fcrfte. Auf diesem Weg gratulieren wir der gesch\u00e4tzten Karin zum 5-Jahres-Jubil\u00e4um.<br \/>\n<img fetchpriority=\"high\" decoding=\"async\" src=\"http:\/\/www.medienbuero.li\/wp-content\/uploads\/2012\/12\/7U4I9668.jpg\" alt=\"\" title=\"7U4I9668\" width=\"580\" height=\"394\" class=\"alignleft size-full wp-image-1169\" srcset=\"https:\/\/www.medienbuero.li\/wp-content\/uploads\/2012\/12\/7U4I9668.jpg 580w, https:\/\/www.medienbuero.li\/wp-content\/uploads\/2012\/12\/7U4I9668-300x204.jpg 300w, https:\/\/www.medienbuero.li\/wp-content\/uploads\/2012\/12\/7U4I9668-550x374.jpg 550w\" sizes=\"(max-width: 580px) 100vw, 580px\" \/><br \/>\n<img decoding=\"async\" src=\"http:\/\/www.medienbuero.li\/wp-content\/uploads\/2012\/12\/7U4I9671.jpg\" alt=\"\" title=\"7U4I9671\" width=\"580\" height=\"387\" class=\"alignleft size-full wp-image-1174\" srcset=\"https:\/\/www.medienbuero.li\/wp-content\/uploads\/2012\/12\/7U4I9671.jpg 580w, https:\/\/www.medienbuero.li\/wp-content\/uploads\/2012\/12\/7U4I9671-300x200.jpg 300w, https:\/\/www.medienbuero.li\/wp-content\/uploads\/2012\/12\/7U4I9671-550x367.jpg 550w\" sizes=\"(max-width: 580px) 100vw, 580px\" \/><br \/>\n<img decoding=\"async\" src=\"http:\/\/www.medienbuero.li\/wp-content\/uploads\/2012\/12\/7U4I9670.jpg\" alt=\"\" title=\"7U4I9670\" width=\"580\" height=\"415\" class=\"alignleft size-full wp-image-1168\" srcset=\"https:\/\/www.medienbuero.li\/wp-content\/uploads\/2012\/12\/7U4I9670.jpg 580w, https:\/\/www.medienbuero.li\/wp-content\/uploads\/2012\/12\/7U4I9670-300x215.jpg 300w, https:\/\/www.medienbuero.li\/wp-content\/uploads\/2012\/12\/7U4I9670-550x394.jpg 550w\" sizes=\"(max-width: 580px) 100vw, 580px\" \/><br \/>\n<img loading=\"lazy\" decoding=\"async\" src=\"http:\/\/www.medienbuero.li\/wp-content\/uploads\/2012\/12\/7U4I9669.jpg\" alt=\"\" title=\"7U4I9669\" width=\"580\" height=\"418\" class=\"alignleft size-full wp-image-1167\" \/><\/p>\n","protected":false},"excerpt":{"rendered":"<p>Auch diese Ausgabe durfte das Medienbuero Oehri &#038; Kaiser AG zusammen mit der Gemeinde Schellenberg produzieren. Herausgekommen ist eine informative, locker und bunt gestaltete Ausgabe, die heute druckfrisch bei den Bewohnerinnen und Bewohner der Gemeinde Schellenberg im Postkasten liegen d\u00fcrfte. <\/p>\n","protected":false},"author":1,"featured_media":1169,"comment_status":"closed","ping_status":"open","sticky":false,"template":"","format":"standard","meta":{"footnotes":""},"categories":[18,16],"tags":[31,45,92],"_links":{"self":[{"href":"https:\/\/www.medienbuero.li\/index.php?rest_route=\/wp\/v2\/posts\/2584"}],"collection":[{"href":"https:\/\/www.medienbuero.li\/index.php?rest_route=\/wp\/v2\/posts"}],"about":[{"href":"https:\/\/www.medienbuero.li\/index.php?rest_route=\/wp\/v2\/types\/post"}],"author":[{"embeddable":true,"href":"https:\/\/www.medienbuero.li\/index.php?rest_route=\/wp\/v2\/users\/1"}],"replies":[{"embeddable":true,"href":"https:\/\/www.medienbuero.li\/index.php?rest_route=%2Fwp%2Fv2%2Fcomments&post=2584"}],"version-history":[{"count":0,"href":"https:\/\/www.medienbuero.li\/index.php?rest_route=\/wp\/v2\/posts\/2584\/revisions"}],"wp:featuredmedia":[{"embeddable":true,"href":"https:\/\/www.medienbuero.li\/index.php?rest_route=\/wp\/v2\/media\/1169"}],"wp:attachment":[{"href":"https:\/\/www.medienbuero.li\/index.php?rest_route=%2Fwp%2Fv2%2Fmedia&parent=2584"}],"wp:term":[{"taxonomy":"category","embeddable":true,"href":"https:\/\/www.medienbuero.li\/index.php?rest_route=%2Fwp%2Fv2%2Fcategories&post=2584"},{"taxonomy":"post_tag","embeddable":true,"href":"https:\/\/www.medienbuero.li\/index.php?rest_route=%2Fwp%2Fv2%2Ftags&post=2584"}],"curies":[{"name":"wp","href":"https:\/\/api.w.org\/{rel}","templated":true}]}}