{"id":2224,"date":"2017-04-24T14:56:32","date_gmt":"2017-04-24T14:56:32","guid":{"rendered":"http:\/\/www.medienbuero.li\/?p=2224"},"modified":"2017-04-24T14:56:32","modified_gmt":"2017-04-24T14:56:32","slug":"herzlich-willkommen-sonja-2","status":"publish","type":"post","link":"https:\/\/www.medienbuero.li\/?p=2224","title":{"rendered":"Herzlich willkommen, Sonja (2)"},"content":{"rendered":"<h2>Mit etwas Versp\u00e4tung heissen wir hiermit unsere neue Verst\u00e4rkung des Grafikteams willkommen.<\/h2>\n<p><a href=\"http:\/\/www.medienbuero.li\/wp-content\/uploads\/2017\/04\/Sonja-Blumauer-2.jpg\"><img decoding=\"async\" class=\"alignleft wp-image-2228 \" src=\"http:\/\/www.medienbuero.li\/wp-content\/uploads\/2017\/04\/Sonja-Blumauer-2.jpg\" alt=\"\" width=\"145\" height=\"158\" srcset=\"https:\/\/www.medienbuero.li\/wp-content\/uploads\/2017\/04\/Sonja-Blumauer-2.jpg 368w, https:\/\/www.medienbuero.li\/wp-content\/uploads\/2017\/04\/Sonja-Blumauer-2-276x300.jpg 276w\" sizes=\"(max-width: 145px) 100vw, 145px\" \/><\/a>Seit Ende M\u00e4rz ist Sonja Blumauer im Medienbuero t\u00e4tig und die ideale Erg\u00e4nzung.<br \/>\nSie ist mittlerweile zw\u00f6lf Jahre in der Grafik- &amp; Werbebranche t\u00e4tig, zwei Jahre davon als Marketingfachfrau. Sie bringt ein breitgef\u00e4chertes Know-How aus dem Bereich Drucktechnik und Gestaltung mit. Zusammen mit\u00a0ihr zog auch der\u00a0Vierbeiner namens Gina ins B\u00fcro und wacht seitdem \u00fcber die Arbeitsleistung der Mitarbeiter <em>(schlafend)<\/em> \ud83d\ude09<br \/>\nWir freuen uns auf eine gute Zusammenarbeit und w\u00fcnschen viel Spass und Erfolg.<\/p>\n","protected":false},"excerpt":{"rendered":"<p>Mit etwas Versp\u00e4tung heissen wir hiermit unsere neue Verst\u00e4rkung des Grafikteams willkommen. Seit Ende M\u00e4rz ist Sonja Blumauer im Medienbuero t\u00e4tig und die ideale Erg\u00e4nzung. Sie ist mittlerweile zw\u00f6lf Jahre in der Grafik- &amp; Werbebranche t\u00e4tig, zwei Jahre davon als Marketingfachfrau. Sie bringt ein breitgef\u00e4chertes Know-How aus dem Bereich Drucktechnik und Gestaltung mit. Zusammen mit\u00a0ihr zog auch der\u00a0Vierbeiner namens Gina ins B\u00fcro und wacht seitdem&#8230; <\/p>\n<p class=\"more\"><a class=\"more-link\" href=\"https:\/\/www.medienbuero.li\/?p=2224\">Read More<\/a><\/p>\n","protected":false},"author":1,"featured_media":2219,"comment_status":"closed","ping_status":"open","sticky":false,"template":"","format":"standard","meta":{"footnotes":""},"categories":[18,19,21],"tags":[49,56,72],"_links":{"self":[{"href":"https:\/\/www.medienbuero.li\/index.php?rest_route=\/wp\/v2\/posts\/2224"}],"collection":[{"href":"https:\/\/www.medienbuero.li\/index.php?rest_route=\/wp\/v2\/posts"}],"about":[{"href":"https:\/\/www.medienbuero.li\/index.php?rest_route=\/wp\/v2\/types\/post"}],"author":[{"embeddable":true,"href":"https:\/\/www.medienbuero.li\/index.php?rest_route=\/wp\/v2\/users\/1"}],"replies":[{"embeddable":true,"href":"https:\/\/www.medienbuero.li\/index.php?rest_route=%2Fwp%2Fv2%2Fcomments&post=2224"}],"version-history":[{"count":0,"href":"https:\/\/www.medienbuero.li\/index.php?rest_route=\/wp\/v2\/posts\/2224\/revisions"}],"wp:featuredmedia":[{"embeddable":true,"href":"https:\/\/www.medienbuero.li\/index.php?rest_route=\/wp\/v2\/media\/2219"}],"wp:attachment":[{"href":"https:\/\/www.medienbuero.li\/index.php?rest_route=%2Fwp%2Fv2%2Fmedia&parent=2224"}],"wp:term":[{"taxonomy":"category","embeddable":true,"href":"https:\/\/www.medienbuero.li\/index.php?rest_route=%2Fwp%2Fv2%2Fcategories&post=2224"},{"taxonomy":"post_tag","embeddable":true,"href":"https:\/\/www.medienbuero.li\/index.php?rest_route=%2Fwp%2Fv2%2Ftags&post=2224"}],"curies":[{"name":"wp","href":"https:\/\/api.w.org\/{rel}","templated":true}]}}