{"id":2101,"date":"2016-11-23T10:44:41","date_gmt":"2016-11-23T10:44:41","guid":{"rendered":"http:\/\/www.medienbuero.li\/?p=2101"},"modified":"2016-11-23T10:44:41","modified_gmt":"2016-11-23T10:44:41","slug":"erster-business-point-ein-voller-erfolg","status":"publish","type":"post","link":"https:\/\/www.medienbuero.li\/?p=2101","title":{"rendered":"Erster \u00abBusiness Point\u00bb ein voller Erfolg"},"content":{"rendered":"<p><strong>Das Medienb\u00fcro hat zusammen mit dem Verein 45Plus und Rohrer &amp; Vogt Marketing den 1. \u00abBusiness Point\u00bb\u00a0im Ruggeller \u00abkommod\u00bb erfolgreich organisiert. \u00dcber 120 Personen und Pers\u00f6nlichkeiten aus Liechtenstein, der Schweiz und Vorarlberg folgten der Einladung zum Referat des bekannten Demografieforschers Professor Heinrich Geissler.<\/strong><br \/>\n\u00abKrankheit ist ein Kostenfaktor, Gesundheit ist eine Investition.\u00bb So endete der Vortrag des Demografieforschers Professor Heinrich Geissler zum Thema \u00abDemografische Entwicklung und Generationenmanagement\u00bb.\u00a0Geissler zeigte in seinem Referat eindrucksvoll auf, mit welchen Eingriffen es gelingen w\u00fcrde, den kommenden Herausforderungen erfolgreich zu begegnen. So m\u00fcsse zuerst begonnen werden, ganzheitlich zu denken \u2013 weg von den Dualismen wie \u00abgut und b\u00f6se\u00bb oder \u00abschwarz und weiss\u00bb.<br \/>\nZudem m\u00fcsste das Denken, oder vielmehr das Vorurteil, die Alten seien teuer, der Vergangenheit angeh\u00f6ren. Vielmehr sollten \u00e4ltere Arbeitnehmer dabei unterst\u00fctzt werden, ihre F\u00e4higkeiten und ihre Erfahrung bestm\u00f6glich einzubringen. Davon profitiere letztlich nicht nur das Unternehmen, sondern auch das Gesundheitswesen, betonte Geissler. Er sprach sich deshalb daf\u00fcr aus, Arbeitnehmer unterschiedlichen Alters auch unterschiedlich zu behandeln: \u00abEine Gleichbehandlung w\u00e4re unfair.\u00bb Denn bei \u00e4lteren Erwerbst\u00e4tigen gehen die k\u00f6rperlichen Kapazit\u00e4ten zur\u00fcck, auch die Lerngeschwindigkeit verringert sich mit dem Alter. Andererseits werden die geistigen, psychischen und sozialen Herausforderungen besser gemeistert. Das heisse letztlich, dass der Arbeitsplatz mit der Person altern m\u00fcsse.<br \/>\n<div id='gallery-1' class='gallery galleryid-2101 gallery-columns-3 gallery-size-thumbnail'><figure class='gallery-item'>\n\t\t\t<div class='gallery-icon landscape'>\n\t\t\t\t<a href='https:\/\/www.medienbuero.li\/?attachment_id=2103'><img decoding=\"async\" width=\"150\" height=\"150\" src=\"https:\/\/www.medienbuero.li\/wp-content\/uploads\/2016\/11\/45-Plus-Kommod_3323-adw-150x150.jpg\" class=\"attachment-thumbnail size-thumbnail\" alt=\"\" srcset=\"https:\/\/www.medienbuero.li\/wp-content\/uploads\/2016\/11\/45-Plus-Kommod_3323-adw-150x150.jpg 150w, https:\/\/www.medienbuero.li\/wp-content\/uploads\/2016\/11\/45-Plus-Kommod_3323-adw-550x550.jpg 550w, https:\/\/www.medienbuero.li\/wp-content\/uploads\/2016\/11\/45-Plus-Kommod_3323-adw-300x300.jpg 300w\" sizes=\"(max-width: 150px) 100vw, 150px\" \/><\/a>\n\t\t\t<\/div><\/figure><figure class='gallery-item'>\n\t\t\t<div class='gallery-icon landscape'>\n\t\t\t\t<a href='https:\/\/www.medienbuero.li\/?attachment_id=2104'><img decoding=\"async\" width=\"150\" height=\"150\" src=\"https:\/\/www.medienbuero.li\/wp-content\/uploads\/2016\/11\/45-Plus-Kommod_7101-adw-150x150.jpg\" class=\"attachment-thumbnail size-thumbnail\" alt=\"\" srcset=\"https:\/\/www.medienbuero.li\/wp-content\/uploads\/2016\/11\/45-Plus-Kommod_7101-adw-150x150.jpg 150w, https:\/\/www.medienbuero.li\/wp-content\/uploads\/2016\/11\/45-Plus-Kommod_7101-adw-550x550.jpg 550w, https:\/\/www.medienbuero.li\/wp-content\/uploads\/2016\/11\/45-Plus-Kommod_7101-adw-300x300.jpg 300w\" sizes=\"(max-width: 150px) 100vw, 150px\" \/><\/a>\n\t\t\t<\/div><\/figure><figure class='gallery-item'>\n\t\t\t<div class='gallery-icon landscape'>\n\t\t\t\t<a href='https:\/\/www.medienbuero.li\/?attachment_id=2105'><img decoding=\"async\" width=\"150\" height=\"150\" src=\"https:\/\/www.medienbuero.li\/wp-content\/uploads\/2016\/11\/45-Plus-Kommod_7114-adw-150x150.jpg\" class=\"attachment-thumbnail size-thumbnail\" alt=\"\" srcset=\"https:\/\/www.medienbuero.li\/wp-content\/uploads\/2016\/11\/45-Plus-Kommod_7114-adw-150x150.jpg 150w, https:\/\/www.medienbuero.li\/wp-content\/uploads\/2016\/11\/45-Plus-Kommod_7114-adw-550x550.jpg 550w, https:\/\/www.medienbuero.li\/wp-content\/uploads\/2016\/11\/45-Plus-Kommod_7114-adw-300x300.jpg 300w\" sizes=\"(max-width: 150px) 100vw, 150px\" \/><\/a>\n\t\t\t<\/div><\/figure><figure class='gallery-item'>\n\t\t\t<div class='gallery-icon landscape'>\n\t\t\t\t<a href='https:\/\/www.medienbuero.li\/?attachment_id=2107'><img loading=\"lazy\" decoding=\"async\" width=\"150\" height=\"150\" src=\"https:\/\/www.medienbuero.li\/wp-content\/uploads\/2016\/11\/45-Plus-Kommod_7129-adw-150x150.jpg\" class=\"attachment-thumbnail size-thumbnail\" alt=\"\" srcset=\"https:\/\/www.medienbuero.li\/wp-content\/uploads\/2016\/11\/45-Plus-Kommod_7129-adw-150x150.jpg 150w, https:\/\/www.medienbuero.li\/wp-content\/uploads\/2016\/11\/45-Plus-Kommod_7129-adw-550x550.jpg 550w, https:\/\/www.medienbuero.li\/wp-content\/uploads\/2016\/11\/45-Plus-Kommod_7129-adw-300x300.jpg 300w\" sizes=\"(max-width: 150px) 100vw, 150px\" \/><\/a>\n\t\t\t<\/div><\/figure>\n\t\t<\/div>\n<\/p>\n","protected":false},"excerpt":{"rendered":"<p>Das Medienb\u00fcro hat zusammen mit dem Verein 45Plus und Rohrer &amp; Vogt Marketing den 1. \u00abBusiness Point\u00bb\u00a0im Ruggeller \u00abkommod\u00bb erfolgreich organisiert. \u00dcber 120 Personen und Pers\u00f6nlichkeiten aus Liechtenstein, der Schweiz und Vorarlberg folgten der Einladung zum Referat des bekannten Demografieforschers Professor Heinrich Geissler. \u00abKrankheit ist ein Kostenfaktor, Gesundheit ist eine Investition.\u00bb So endete der Vortrag des Demografieforschers Professor Heinrich Geissler zum Thema \u00abDemografische Entwicklung und&#8230; <\/p>\n<p class=\"more\"><a class=\"more-link\" href=\"https:\/\/www.medienbuero.li\/?p=2101\">Read More<\/a><\/p>\n","protected":false},"author":1,"featured_media":2108,"comment_status":"closed","ping_status":"open","sticky":false,"template":"","format":"standard","meta":{"footnotes":""},"categories":[18,19,16],"tags":[24,33,35,39,59,63,71,91,104],"_links":{"self":[{"href":"https:\/\/www.medienbuero.li\/index.php?rest_route=\/wp\/v2\/posts\/2101"}],"collection":[{"href":"https:\/\/www.medienbuero.li\/index.php?rest_route=\/wp\/v2\/posts"}],"about":[{"href":"https:\/\/www.medienbuero.li\/index.php?rest_route=\/wp\/v2\/types\/post"}],"author":[{"embeddable":true,"href":"https:\/\/www.medienbuero.li\/index.php?rest_route=\/wp\/v2\/users\/1"}],"replies":[{"embeddable":true,"href":"https:\/\/www.medienbuero.li\/index.php?rest_route=%2Fwp%2Fv2%2Fcomments&post=2101"}],"version-history":[{"count":0,"href":"https:\/\/www.medienbuero.li\/index.php?rest_route=\/wp\/v2\/posts\/2101\/revisions"}],"wp:featuredmedia":[{"embeddable":true,"href":"https:\/\/www.medienbuero.li\/index.php?rest_route=\/wp\/v2\/media\/2108"}],"wp:attachment":[{"href":"https:\/\/www.medienbuero.li\/index.php?rest_route=%2Fwp%2Fv2%2Fmedia&parent=2101"}],"wp:term":[{"taxonomy":"category","embeddable":true,"href":"https:\/\/www.medienbuero.li\/index.php?rest_route=%2Fwp%2Fv2%2Fcategories&post=2101"},{"taxonomy":"post_tag","embeddable":true,"href":"https:\/\/www.medienbuero.li\/index.php?rest_route=%2Fwp%2Fv2%2Ftags&post=2101"}],"curies":[{"name":"wp","href":"https:\/\/api.w.org\/{rel}","templated":true}]}}