{"id":2086,"date":"2016-06-29T07:57:08","date_gmt":"2016-06-29T07:57:08","guid":{"rendered":"http:\/\/www.medienbuero.li\/?p=2086"},"modified":"2016-06-29T07:57:08","modified_gmt":"2016-06-29T07:57:08","slug":"das-neue-gamprinbendern","status":"publish","type":"post","link":"https:\/\/www.medienbuero.li\/?p=2086","title":{"rendered":"Das neue \u00abgamprinbendern\u00bb"},"content":{"rendered":"<p><img fetchpriority=\"high\" decoding=\"async\" class=\"aligncenter size-medium wp-image-2084\" src=\"http:\/\/www.medienbuero.li\/wp-content\/uploads\/2016\/06\/Gamprin-560x373.jpg\" alt=\"Gamprin\" width=\"560\" height=\"373\" \/><br \/>\nDie neue Brosch\u00fcre der Gemeinde Gamprin-Bendern (erscheint am 1. Juli 2016) ist prall gef\u00fcllt mit interessanten Themen und bunten Fotos rund um die Gemeinde. <em>Spoileralarm:<\/em> Auch eine grosse \u00dcberraschung steht den Bewohnern bevor. Nat\u00fcrlich positiver Natur \ud83d\ude42<br \/>\nDie magazinartige Gestaltung zieht sich seit dem Relaunch im 2013 durch und findet\u00a0immer positiven\u00a0Anklang. Einen digitalen Einblick in die Brosch\u00fcre hat\u00a0man auf der Webseite der Gemeinde:<a href=\"http:\/\/www.gamprin.li\/dienste\/protokolle-broschueren\/\">\u00a0http:\/\/www.gamprin.li\/dienste\/protokolle-broschueren\/<\/a><\/p>\n","protected":false},"excerpt":{"rendered":"<p>Die neue Brosch\u00fcre der Gemeinde Gamprin-Bendern (erscheint am 1. Juli 2016) ist prall gef\u00fcllt mit interessanten Themen und bunten Fotos rund um die Gemeinde. Spoileralarm: Auch eine grosse \u00dcberraschung steht den Bewohnern bevor. Nat\u00fcrlich positiver Natur \ud83d\ude42 Die magazinartige Gestaltung zieht sich seit dem Relaunch im 2013 durch und findet\u00a0immer positiven\u00a0Anklang. Einen digitalen Einblick in die Brosch\u00fcre hat\u00a0man auf der Webseite der Gemeinde:\u00a0http:\/\/www.gamprin.li\/dienste\/protokolle-broschueren\/<\/p>\n","protected":false},"author":1,"featured_media":2084,"comment_status":"closed","ping_status":"open","sticky":false,"template":"","format":"standard","meta":{"footnotes":""},"categories":[18,16],"tags":[],"_links":{"self":[{"href":"https:\/\/www.medienbuero.li\/index.php?rest_route=\/wp\/v2\/posts\/2086"}],"collection":[{"href":"https:\/\/www.medienbuero.li\/index.php?rest_route=\/wp\/v2\/posts"}],"about":[{"href":"https:\/\/www.medienbuero.li\/index.php?rest_route=\/wp\/v2\/types\/post"}],"author":[{"embeddable":true,"href":"https:\/\/www.medienbuero.li\/index.php?rest_route=\/wp\/v2\/users\/1"}],"replies":[{"embeddable":true,"href":"https:\/\/www.medienbuero.li\/index.php?rest_route=%2Fwp%2Fv2%2Fcomments&post=2086"}],"version-history":[{"count":0,"href":"https:\/\/www.medienbuero.li\/index.php?rest_route=\/wp\/v2\/posts\/2086\/revisions"}],"wp:featuredmedia":[{"embeddable":true,"href":"https:\/\/www.medienbuero.li\/index.php?rest_route=\/wp\/v2\/media\/2084"}],"wp:attachment":[{"href":"https:\/\/www.medienbuero.li\/index.php?rest_route=%2Fwp%2Fv2%2Fmedia&parent=2086"}],"wp:term":[{"taxonomy":"category","embeddable":true,"href":"https:\/\/www.medienbuero.li\/index.php?rest_route=%2Fwp%2Fv2%2Fcategories&post=2086"},{"taxonomy":"post_tag","embeddable":true,"href":"https:\/\/www.medienbuero.li\/index.php?rest_route=%2Fwp%2Fv2%2Ftags&post=2086"}],"curies":[{"name":"wp","href":"https:\/\/api.w.org\/{rel}","templated":true}]}}