{"id":2054,"date":"2016-06-20T13:18:07","date_gmt":"2016-06-20T13:18:07","guid":{"rendered":"http:\/\/www.medienbuero.li\/?p=2054"},"modified":"2016-06-20T13:18:07","modified_gmt":"2016-06-20T13:18:07","slug":"oho-3-das-magazin-des-fuerstentums-liechtenstein","status":"publish","type":"post","link":"https:\/\/www.medienbuero.li\/?p=2054","title":{"rendered":"oho #3 &#8211; Das Magazin des F\u00fcrstentums Liechtenstein"},"content":{"rendered":"<p><img fetchpriority=\"high\" decoding=\"async\" class=\"aligncenter size-medium wp-image-2065\" src=\"http:\/\/www.medienbuero.li\/wp-content\/uploads\/2016\/06\/Unknown-560x373.jpeg\" alt=\"\" width=\"560\" height=\"373\" \/><br \/>\nDie dritte\u00a0Ausgabe des exklusiven \u00aboho\u00bb-Magazins des F\u00fcrstentum Liechtenstein \u2013 eine Publikation des Liechtenstein Marketing zusammen mit der Medienbuero Oehri &amp; Kaiser AG \u2013 wurde 14. Juni 2016\u00a0feierlich im Liechtenstein Center den geladenen G\u00e4sten\u00a0pr\u00e4sentiert.<br \/>\n<img decoding=\"async\" class=\"aligncenter size-medium wp-image-2055\" src=\"http:\/\/www.medienbuero.li\/wp-content\/uploads\/2016\/06\/praesentation_oho3-25-560x373.jpg\" alt=\"\" width=\"560\" height=\"373\" \/><br \/>\n<img decoding=\"async\" class=\"aligncenter size-medium wp-image-2060\" src=\"http:\/\/www.medienbuero.li\/wp-content\/uploads\/2016\/06\/praesentation_oho3-59-560x373.jpg\" alt=\"\" width=\"560\" height=\"373\" \/><br \/>\n<img loading=\"lazy\" decoding=\"async\" class=\"aligncenter size-medium wp-image-2057\" src=\"http:\/\/www.medienbuero.li\/wp-content\/uploads\/2016\/06\/praesentation_oho3-30-560x373.jpg\" alt=\"\" width=\"560\" height=\"373\" \/><br \/>\n<img loading=\"lazy\" decoding=\"async\" class=\"aligncenter size-medium wp-image-2058\" src=\"http:\/\/www.medienbuero.li\/wp-content\/uploads\/2016\/06\/praesentation_oho3-35-560x373.jpg\" alt=\"\" width=\"560\" height=\"373\" \/><br \/>\n<img loading=\"lazy\" decoding=\"async\" class=\"aligncenter size-medium wp-image-2056\" src=\"http:\/\/www.medienbuero.li\/wp-content\/uploads\/2016\/06\/praesentation_oho3-28-560x373.jpg\" alt=\"\" width=\"560\" height=\"373\" \/><br \/>\n<img loading=\"lazy\" decoding=\"async\" class=\"aligncenter size-medium wp-image-2061\" src=\"http:\/\/www.medienbuero.li\/wp-content\/uploads\/2016\/06\/praesentation_oho3-61-560x373.jpg\" alt=\"\" width=\"560\" height=\"373\" \/><br \/>\n<img loading=\"lazy\" decoding=\"async\" class=\"aligncenter size-medium wp-image-2062\" src=\"http:\/\/www.medienbuero.li\/wp-content\/uploads\/2016\/06\/praesentation_oho3-62-560x373.jpg\" alt=\"\" width=\"560\" height=\"373\" \/><\/p>\n<h6 style=\"text-align: center;\">Fotos mit freundlicher Unterst\u00fctzung: Natascha Marxer, Liechtenstein Marketing<\/h6>\n<p>So interessant die Geschichten aus dem F\u00fcrstentum, der Wirtschaft, Kultur und Freizeit sind, so edel, einladend und modern ist das Design dieses einzigartigen Liechtenstein-Magazins.<\/p>\n<p class=\"western\">Schauen Sie sich\u2019s an, Sie werden begeistert sein.<\/p>\n<p><iframe src=\"https:\/\/www.yumpu.com\/xx\/embed\/view\/WpwMvVDExj524zro\" width=\"560px\" height=\"500px\" frameborder=\"0\" allowfullscreen=\"allowfullscreen\"><\/iframe><\/p>\n<p class=\"western\"><strong>Magazin bestellen<\/strong><br \/>\nDie Publikation ist in deutscher und englischer Sprache verf\u00fcgbar. Gedruckte Exemplare k\u00f6nnen online\u00a0<a class=\"extern\" href=\"http:\/\/booking.tourismus.li\/liechtenstein\/de\/brochure\/list\" target=\"_blank\">bestellt\u00a0<\/a>oder direkt im Liechtenstein Center, St\u00e4dtle 39, 9490 Vaduz kostenlos bezogen werden.<\/p>\n","protected":false},"excerpt":{"rendered":"<p>Die dritte\u00a0Ausgabe des exklusiven \u00aboho\u00bb-Magazins des F\u00fcrstentum Liechtenstein \u2013 eine Publikation des Liechtenstein Marketing zusammen mit der Medienbuero Oehri &amp; Kaiser AG \u2013 wurde 14. Juni 2016\u00a0feierlich im Liechtenstein Center den geladenen G\u00e4sten\u00a0pr\u00e4sentiert. Fotos mit freundlicher Unterst\u00fctzung: Natascha Marxer, Liechtenstein Marketing So interessant die Geschichten aus dem F\u00fcrstentum, der Wirtschaft, Kultur und Freizeit sind, so edel, einladend und modern ist das Design dieses einzigartigen Liechtenstein-Magazins&#8230;. <\/p>\n<p class=\"more\"><a class=\"more-link\" href=\"https:\/\/www.medienbuero.li\/?p=2054\">Read More<\/a><\/p>\n","protected":false},"author":1,"featured_media":2065,"comment_status":"closed","ping_status":"open","sticky":false,"template":"","format":"standard","meta":{"footnotes":""},"categories":[18,16,17],"tags":[64,65,66,77,79],"_links":{"self":[{"href":"https:\/\/www.medienbuero.li\/index.php?rest_route=\/wp\/v2\/posts\/2054"}],"collection":[{"href":"https:\/\/www.medienbuero.li\/index.php?rest_route=\/wp\/v2\/posts"}],"about":[{"href":"https:\/\/www.medienbuero.li\/index.php?rest_route=\/wp\/v2\/types\/post"}],"author":[{"embeddable":true,"href":"https:\/\/www.medienbuero.li\/index.php?rest_route=\/wp\/v2\/users\/1"}],"replies":[{"embeddable":true,"href":"https:\/\/www.medienbuero.li\/index.php?rest_route=%2Fwp%2Fv2%2Fcomments&post=2054"}],"version-history":[{"count":0,"href":"https:\/\/www.medienbuero.li\/index.php?rest_route=\/wp\/v2\/posts\/2054\/revisions"}],"wp:featuredmedia":[{"embeddable":true,"href":"https:\/\/www.medienbuero.li\/index.php?rest_route=\/wp\/v2\/media\/2065"}],"wp:attachment":[{"href":"https:\/\/www.medienbuero.li\/index.php?rest_route=%2Fwp%2Fv2%2Fmedia&parent=2054"}],"wp:term":[{"taxonomy":"category","embeddable":true,"href":"https:\/\/www.medienbuero.li\/index.php?rest_route=%2Fwp%2Fv2%2Fcategories&post=2054"},{"taxonomy":"post_tag","embeddable":true,"href":"https:\/\/www.medienbuero.li\/index.php?rest_route=%2Fwp%2Fv2%2Ftags&post=2054"}],"curies":[{"name":"wp","href":"https:\/\/api.w.org\/{rel}","templated":true}]}}