{"id":1960,"date":"2015-12-22T14:29:03","date_gmt":"2015-12-22T14:29:03","guid":{"rendered":"http:\/\/www.medienbuero.li\/?p=1960"},"modified":"2015-12-22T14:29:03","modified_gmt":"2015-12-22T14:29:03","slug":"das-jahr-2015-neigt-sich-dem-ende-entgegen","status":"publish","type":"post","link":"https:\/\/www.medienbuero.li\/?p=1960","title":{"rendered":"Zahlreiche Projekte erfolgreich umgesetzt"},"content":{"rendered":"<h2><strong>Auch im Jahr 2015 hat das Medienbuero Oehri &amp; Kaiser AG <\/strong><strong>\u00a0einige interessanten Projekte umsetzen und Auftr\u00e4ge ausf\u00fchren d\u00fcrfen.\u00a0<\/strong><strong>Gerne zeigen\u00a0wir Ihnen eine Auswahl.<\/strong><\/h2>\n<hr \/>\n<p>&nbsp;<\/p>\n<h3><strong>golf Magazin Ausgabe 6<\/strong><\/h3>\n<p>Neben den monatlichen Eigenproduktionen<a href=\"http:\/\/www.medienbuero.li\/projects\/liezeit\/\"> lie:zeit<\/a> und <a href=\"http:\/\/www.medienbuero.li\/projects\/bauzeit\/\">bau:zeit<\/a> wurde die 6. Ausgabe unseres <a href=\"http:\/\/www.medienbuero.li\/projects\/golf-magazin-liechtenstein-schweiz-medienbuero\/\">golf-Magazines<\/a> der \u00d6ffentlichkeit vorgestellt.<br \/>\n<a href=\"http:\/\/www.medienbuero.li\/wp-content\/uploads\/2015\/06\/Golf_Mockup.jpg\" rel=\"attachment wp-att-1811\"><img fetchpriority=\"high\" decoding=\"async\" class=\"size-medium wp-image-1811 aligncenter\" src=\"http:\/\/www.medienbuero.li\/wp-content\/uploads\/2015\/06\/Golf_Mockup-600x399.jpg\" alt=\"Golf_Mockup\" width=\"600\" height=\"399\" \/><\/a><br \/>\nDer <strong>Pr\u00e4sentationsabend im Atrium<\/strong>, Buchs war auch ein voller Erfolg.<br \/>\n<div id='gallery-1' class='gallery galleryid-1960 gallery-columns-3 gallery-size-thumbnail'><figure class='gallery-item'>\n\t\t\t<div class='gallery-icon landscape'>\n\t\t\t\t<a href='https:\/\/www.medienbuero.li\/?attachment_id=1842'><img decoding=\"async\" width=\"150\" height=\"150\" src=\"https:\/\/www.medienbuero.li\/wp-content\/uploads\/2015\/07\/7U4I4751-150x150.jpg\" class=\"attachment-thumbnail size-thumbnail\" alt=\"\" aria-describedby=\"gallery-1-1842\" srcset=\"https:\/\/www.medienbuero.li\/wp-content\/uploads\/2015\/07\/7U4I4751-150x150.jpg 150w, https:\/\/www.medienbuero.li\/wp-content\/uploads\/2015\/07\/7U4I4751-550x550.jpg 550w, https:\/\/www.medienbuero.li\/wp-content\/uploads\/2015\/07\/7U4I4751-300x300.jpg 300w\" sizes=\"(max-width: 150px) 100vw, 150px\" \/><\/a>\n\t\t\t<\/div>\n\t\t\t\t<figcaption class='wp-caption-text gallery-caption' id='gallery-1-1842'>\n\t\t\t\tChristoph und Petra Schredt mit dem golf-Redaktionsteam\n\t\t\t\t<\/figcaption><\/figure><figure class='gallery-item'>\n\t\t\t<div class='gallery-icon landscape'>\n\t\t\t\t<a href='https:\/\/www.medienbuero.li\/?attachment_id=1835'><img decoding=\"async\" width=\"150\" height=\"150\" src=\"https:\/\/www.medienbuero.li\/wp-content\/uploads\/2015\/07\/7U4I4736-150x150.jpg\" class=\"attachment-thumbnail size-thumbnail\" alt=\"\" srcset=\"https:\/\/www.medienbuero.li\/wp-content\/uploads\/2015\/07\/7U4I4736-150x150.jpg 150w, https:\/\/www.medienbuero.li\/wp-content\/uploads\/2015\/07\/7U4I4736-550x550.jpg 550w, https:\/\/www.medienbuero.li\/wp-content\/uploads\/2015\/07\/7U4I4736-300x300.jpg 300w\" sizes=\"(max-width: 150px) 100vw, 150px\" \/><\/a>\n\t\t\t<\/div><\/figure><figure class='gallery-item'>\n\t\t\t<div class='gallery-icon landscape'>\n\t\t\t\t<a href='https:\/\/www.medienbuero.li\/?attachment_id=1831'><img loading=\"lazy\" decoding=\"async\" width=\"150\" height=\"150\" src=\"https:\/\/www.medienbuero.li\/wp-content\/uploads\/2015\/07\/7U4I4731-150x150.jpg\" class=\"attachment-thumbnail size-thumbnail\" alt=\"\" aria-describedby=\"gallery-1-1831\" srcset=\"https:\/\/www.medienbuero.li\/wp-content\/uploads\/2015\/07\/7U4I4731-150x150.jpg 150w, https:\/\/www.medienbuero.li\/wp-content\/uploads\/2015\/07\/7U4I4731-550x550.jpg 550w, https:\/\/www.medienbuero.li\/wp-content\/uploads\/2015\/07\/7U4I4731-300x300.jpg 300w\" sizes=\"(max-width: 150px) 100vw, 150px\" \/><\/a>\n\t\t\t<\/div>\n\t\t\t\t<figcaption class='wp-caption-text gallery-caption' id='gallery-1-1831'>\n\t\t\t\tDas \u00abThe Golfer&#8217;s-Team\u00bb Nino Ziegler (mitte), Hans Tratschin (links) mit Carlo Rampone, Pr\u00e4sident des Liechtensteiner Golfverbandes\n\t\t\t\t<\/figcaption><\/figure><figure class='gallery-item'>\n\t\t\t<div class='gallery-icon landscape'>\n\t\t\t\t<a href='https:\/\/www.medienbuero.li\/?attachment_id=1830'><img loading=\"lazy\" decoding=\"async\" width=\"150\" height=\"150\" src=\"https:\/\/www.medienbuero.li\/wp-content\/uploads\/2015\/07\/7U4I4729-150x150.jpg\" class=\"attachment-thumbnail size-thumbnail\" alt=\"\" aria-describedby=\"gallery-1-1830\" srcset=\"https:\/\/www.medienbuero.li\/wp-content\/uploads\/2015\/07\/7U4I4729-150x150.jpg 150w, https:\/\/www.medienbuero.li\/wp-content\/uploads\/2015\/07\/7U4I4729-550x550.jpg 550w, https:\/\/www.medienbuero.li\/wp-content\/uploads\/2015\/07\/7U4I4729-300x300.jpg 300w\" sizes=\"(max-width: 150px) 100vw, 150px\" \/><\/a>\n\t\t\t<\/div>\n\t\t\t\t<figcaption class='wp-caption-text gallery-caption' id='gallery-1-1830'>\n\t\t\t\tChristof K\u00fcng und Dr. Norbert Marxer \n\t\t\t\t<\/figcaption><\/figure><figure class='gallery-item'>\n\t\t\t<div class='gallery-icon landscape'>\n\t\t\t\t<a href='https:\/\/www.medienbuero.li\/?attachment_id=1827'><img loading=\"lazy\" decoding=\"async\" width=\"150\" height=\"150\" src=\"https:\/\/www.medienbuero.li\/wp-content\/uploads\/2015\/07\/7U4I4723-150x150.jpg\" class=\"attachment-thumbnail size-thumbnail\" alt=\"\" aria-describedby=\"gallery-1-1827\" srcset=\"https:\/\/www.medienbuero.li\/wp-content\/uploads\/2015\/07\/7U4I4723-150x150.jpg 150w, https:\/\/www.medienbuero.li\/wp-content\/uploads\/2015\/07\/7U4I4723-550x550.jpg 550w, https:\/\/www.medienbuero.li\/wp-content\/uploads\/2015\/07\/7U4I4723-300x300.jpg 300w\" sizes=\"(max-width: 150px) 100vw, 150px\" \/><\/a>\n\t\t\t<\/div>\n\t\t\t\t<figcaption class='wp-caption-text gallery-caption' id='gallery-1-1827'>\n\t\t\t\tDan Eidenbenz (mitte) hat das Cover-Bild der 6. Ausgabe gestaltet. Mit Johannes Kaiser und Jnes Rampone-Wanger \n\t\t\t\t<\/figcaption><\/figure><figure class='gallery-item'>\n\t\t\t<div class='gallery-icon landscape'>\n\t\t\t\t<a href='https:\/\/www.medienbuero.li\/?attachment_id=1828'><img loading=\"lazy\" decoding=\"async\" width=\"150\" height=\"150\" src=\"https:\/\/www.medienbuero.li\/wp-content\/uploads\/2015\/07\/7U4I4724-150x150.jpg\" class=\"attachment-thumbnail size-thumbnail\" alt=\"\" aria-describedby=\"gallery-1-1828\" srcset=\"https:\/\/www.medienbuero.li\/wp-content\/uploads\/2015\/07\/7U4I4724-150x150.jpg 150w, https:\/\/www.medienbuero.li\/wp-content\/uploads\/2015\/07\/7U4I4724-550x550.jpg 550w, https:\/\/www.medienbuero.li\/wp-content\/uploads\/2015\/07\/7U4I4724-300x300.jpg 300w\" sizes=\"(max-width: 150px) 100vw, 150px\" \/><\/a>\n\t\t\t<\/div>\n\t\t\t\t<figcaption class='wp-caption-text gallery-caption' id='gallery-1-1828'>\n\t\t\t\tDas Redaktionsteam pr\u00e4sentiert stolz das neue Werk aus dem Hause Medienbuero Oehri &#038; Kaiser AG, Eschen.\n\t\t\t\t<\/figcaption><\/figure><figure class='gallery-item'>\n\t\t\t<div class='gallery-icon landscape'>\n\t\t\t\t<a href='https:\/\/www.medienbuero.li\/?attachment_id=1849'><img loading=\"lazy\" decoding=\"async\" width=\"150\" height=\"150\" src=\"https:\/\/www.medienbuero.li\/wp-content\/uploads\/2015\/07\/7U4I4772-150x150.jpg\" class=\"attachment-thumbnail size-thumbnail\" alt=\"\" aria-describedby=\"gallery-1-1849\" srcset=\"https:\/\/www.medienbuero.li\/wp-content\/uploads\/2015\/07\/7U4I4772-150x150.jpg 150w, https:\/\/www.medienbuero.li\/wp-content\/uploads\/2015\/07\/7U4I4772-550x550.jpg 550w, https:\/\/www.medienbuero.li\/wp-content\/uploads\/2015\/07\/7U4I4772-300x300.jpg 300w\" sizes=\"(max-width: 150px) 100vw, 150px\" \/><\/a>\n\t\t\t<\/div>\n\t\t\t\t<figcaption class='wp-caption-text gallery-caption' id='gallery-1-1849'>\n\t\t\t\tGolflehrer Michael Conventon mit Begleitung Anja \n\t\t\t\t<\/figcaption><\/figure><figure class='gallery-item'>\n\t\t\t<div class='gallery-icon landscape'>\n\t\t\t\t<a href='https:\/\/www.medienbuero.li\/?attachment_id=1848'><img loading=\"lazy\" decoding=\"async\" width=\"150\" height=\"150\" src=\"https:\/\/www.medienbuero.li\/wp-content\/uploads\/2015\/07\/7U4I4768-150x150.jpg\" class=\"attachment-thumbnail size-thumbnail\" alt=\"\" srcset=\"https:\/\/www.medienbuero.li\/wp-content\/uploads\/2015\/07\/7U4I4768-150x150.jpg 150w, https:\/\/www.medienbuero.li\/wp-content\/uploads\/2015\/07\/7U4I4768-550x550.jpg 550w, https:\/\/www.medienbuero.li\/wp-content\/uploads\/2015\/07\/7U4I4768-300x300.jpg 300w\" sizes=\"(max-width: 150px) 100vw, 150px\" \/><\/a>\n\t\t\t<\/div><\/figure>\n\t\t<\/div>\n<br \/>\n&nbsp;<\/p>\n<h3><\/h3>\n<p>&nbsp;<\/p>\n<h3><strong>Redesign\u00a0B\u00fcchel Architektur AG<\/strong><\/h3>\n<p>Ein weiteres Highlight war der Auftrag der B\u00fcchel Architektur AG. Die Umfirmierung der alten Firma verlangte nach einem Redesign. Eine <a href=\"http:\/\/www.medienbuero.li\/projects\/buechel-architektur\/\">komplette Umgestaltung vom Logo bis hin zur Webseite<\/a> durften wir in Angriff nehmen.<br \/>\n<a href=\"http:\/\/www.medienbuero.li\/wp-content\/uploads\/2015\/12\/Gestaltungskonzept_Seite_07.jpg\" rel=\"attachment wp-att-1949\"><img loading=\"lazy\" decoding=\"async\" class=\"size-medium wp-image-1949 aligncenter\" src=\"http:\/\/www.medienbuero.li\/wp-content\/uploads\/2015\/12\/Gestaltungskonzept_Seite_07-600x424.jpg\" alt=\"Gestaltungskonzept_Seite_07\" width=\"600\" height=\"424\" \/><\/a> <a href=\"http:\/\/www.medienbuero.li\/wp-content\/uploads\/2015\/12\/Gestaltungskonzept_Seite_10.jpg\" rel=\"attachment wp-att-1952\"><img loading=\"lazy\" decoding=\"async\" class=\"size-medium wp-image-1952 aligncenter\" src=\"http:\/\/www.medienbuero.li\/wp-content\/uploads\/2015\/12\/Gestaltungskonzept_Seite_10-600x424.jpg\" alt=\"Gestaltungskonzept_Seite_10\" width=\"600\" height=\"424\" \/><\/a><\/p>\n<h3><\/h3>\n<p>&nbsp;<\/p>\n<h3><strong>LKW Buch<\/strong><\/h3>\n<p>Eine Aufarbeitung und Dokumentation \u00abUmbau und Erweiterung Kraftwerk Samina 2011 \u2013 2015\u00bb im Auftrag der <strong>Liechtensteinischen Kraftwerke<\/strong><\/p>\n<h3><a href=\"http:\/\/www.medienbuero.li\/wp-content\/uploads\/2015\/12\/7U4I4935.jpg\" rel=\"attachment wp-att-1969\"><img loading=\"lazy\" decoding=\"async\" class=\"aligncenter size-medium wp-image-1970\" src=\"http:\/\/www.medienbuero.li\/wp-content\/uploads\/2015\/12\/7U4I4932-600x343.jpg\" alt=\"7U4I4932\" width=\"600\" height=\"343\" \/><img loading=\"lazy\" decoding=\"async\" class=\"aligncenter size-medium wp-image-1969\" src=\"http:\/\/www.medienbuero.li\/wp-content\/uploads\/2015\/12\/7U4I4935-600x400.jpg\" alt=\"7U4I4935\" width=\"600\" height=\"400\" \/><\/a><\/h3>\n<p>&nbsp;<\/p>\n<h3><\/h3>\n<p>&nbsp;<\/p>\n<h3><strong>Gemeindebrosch\u00fcren<\/strong><\/h3>\n<p>Die halbj\u00e4hrlich erscheinenden Brosch\u00fcren der <strong>Gemeinden Schellenberg, Gamprin-Bendern und Mauren<\/strong> d\u00fcrfen nicht unerw\u00e4hnt bleiben\u2026<br \/>\n<a href=\"http:\/\/www.medienbuero.li\/wp-content\/uploads\/2015\/12\/7U4I5525.jpg\" rel=\"attachment wp-att-1940\"><img loading=\"lazy\" decoding=\"async\" class=\"size-medium wp-image-1940 aligncenter\" src=\"http:\/\/www.medienbuero.li\/wp-content\/uploads\/2015\/12\/7U4I5525-600x375.jpg\" alt=\"7U4I5525\" width=\"600\" height=\"375\" \/><\/a><br \/>\n<a href=\"http:\/\/www.medienbuero.li\/wp-content\/uploads\/2015\/12\/7U4I5517.jpg\" rel=\"attachment wp-att-1936\"><img loading=\"lazy\" decoding=\"async\" class=\"size-medium wp-image-1936 aligncenter\" src=\"http:\/\/www.medienbuero.li\/wp-content\/uploads\/2015\/12\/7U4I5517-600x377.jpg\" alt=\"7U4I5517\" width=\"600\" height=\"377\" \/><\/a><br \/>\n<img loading=\"lazy\" decoding=\"async\" class=\"size-medium wp-image-1937 aligncenter\" src=\"http:\/\/www.medienbuero.li\/wp-content\/uploads\/2015\/12\/7U4I5518-600x388.jpg\" alt=\"7U4I5518\" width=\"600\" height=\"388\" \/><br \/>\n&nbsp;<\/p>\n<h3><\/h3>\n<p>&nbsp;<\/p>\n<h3><strong>S Hundert\u00f6lferbuach va Mura<\/strong><\/h3>\n<p>Das <a href=\"http:\/\/www.medienbuero.li\/projects\/s-hundertoelferbuach-va-mura\/\">Buchprojekt<\/a> hat nicht nur uns Spass gemacht \u2013 wir bekommen bis jetzt nur positive R\u00fcckmeldungen. Die einzigartigen <strong>111 Geschichten und die Zeichnungen<\/strong> machen das Buch zu einem Unikat.<br \/>\n<a href=\"http:\/\/www.medienbuero.li\/wp-content\/uploads\/2015\/12\/111er-Slideshow.jpg\" rel=\"attachment wp-att-1908\"><img loading=\"lazy\" decoding=\"async\" class=\"size-medium wp-image-1908 aligncenter\" src=\"http:\/\/www.medienbuero.li\/wp-content\/uploads\/2015\/12\/111er-Slideshow-600x219.jpg\" alt=\"111er-Slideshow\" width=\"600\" height=\"219\" \/><\/a> <a href=\"http:\/\/www.medienbuero.li\/wp-content\/uploads\/2015\/12\/111er.jpg\" rel=\"attachment wp-att-1909\"><br \/>\n<img loading=\"lazy\" decoding=\"async\" class=\"size-medium wp-image-1909 aligncenter\" src=\"http:\/\/www.medienbuero.li\/wp-content\/uploads\/2015\/12\/111er-600x351.jpg\" alt=\"111er\" width=\"600\" height=\"351\" \/><br \/>\n<\/a><a href=\"http:\/\/www.medienbuero.li\/wp-content\/uploads\/2015\/12\/111er_003.jpg\" rel=\"attachment wp-att-1907\"><img loading=\"lazy\" decoding=\"async\" class=\"size-medium wp-image-1907 aligncenter\" src=\"http:\/\/www.medienbuero.li\/wp-content\/uploads\/2015\/12\/111er_003-600x311.jpg\" alt=\"111er_003\" width=\"600\" height=\"311\" \/><\/a><br \/>\nUnd auch die <a href=\"http:\/\/www.medienbuero.li\/projects\/praesentation-s-hundertoelferbuach-va-mura\/\">Buchvorstellung im Kulturhaus R\u00f6ssle<\/a> war ein voller Erfolg.<br \/>\n<div id='gallery-2' class='gallery galleryid-1960 gallery-columns-3 gallery-size-thumbnail'><figure class='gallery-item'>\n\t\t\t<div class='gallery-icon landscape'>\n\t\t\t\t<a href='https:\/\/www.medienbuero.li\/?attachment_id=1932'><img loading=\"lazy\" decoding=\"async\" width=\"150\" height=\"150\" src=\"https:\/\/www.medienbuero.li\/wp-content\/uploads\/2015\/12\/111-Buch-Mauren-2_5565-Bild-Schachenhofer-150x150.jpeg\" class=\"attachment-thumbnail size-thumbnail\" alt=\"\" aria-describedby=\"gallery-2-1932\" srcset=\"https:\/\/www.medienbuero.li\/wp-content\/uploads\/2015\/12\/111-Buch-Mauren-2_5565-Bild-Schachenhofer-150x150.jpeg 150w, https:\/\/www.medienbuero.li\/wp-content\/uploads\/2015\/12\/111-Buch-Mauren-2_5565-Bild-Schachenhofer-550x550.jpeg 550w, https:\/\/www.medienbuero.li\/wp-content\/uploads\/2015\/12\/111-Buch-Mauren-2_5565-Bild-Schachenhofer-300x300.jpeg 300w\" sizes=\"(max-width: 150px) 100vw, 150px\" \/><\/a>\n\t\t\t<\/div>\n\t\t\t\t<figcaption class='wp-caption-text gallery-caption' id='gallery-2-1932'>\n\t\t\t\t111 Buch Mauren, Gruppenbild mit Vorsteher Freddy Kaiser Vorsteher, der Pr\u00e4sident, Jess de Zilva, Adolf Marxer, Anna Stenek und Loretta Federspiel Kieber Bild Rudi Schachenhofer\n\t\t\t\t<\/figcaption><\/figure><figure class='gallery-item'>\n\t\t\t<div class='gallery-icon landscape'>\n\t\t\t\t<a href='https:\/\/www.medienbuero.li\/?attachment_id=1931'><img loading=\"lazy\" decoding=\"async\" width=\"150\" height=\"150\" src=\"https:\/\/www.medienbuero.li\/wp-content\/uploads\/2015\/12\/DSC_0145-150x150.jpg\" class=\"attachment-thumbnail size-thumbnail\" alt=\"\" srcset=\"https:\/\/www.medienbuero.li\/wp-content\/uploads\/2015\/12\/DSC_0145-150x150.jpg 150w, https:\/\/www.medienbuero.li\/wp-content\/uploads\/2015\/12\/DSC_0145-550x550.jpg 550w, https:\/\/www.medienbuero.li\/wp-content\/uploads\/2015\/12\/DSC_0145-300x300.jpg 300w\" sizes=\"(max-width: 150px) 100vw, 150px\" \/><\/a>\n\t\t\t<\/div><\/figure><figure class='gallery-item'>\n\t\t\t<div class='gallery-icon landscape'>\n\t\t\t\t<a href='https:\/\/www.medienbuero.li\/?attachment_id=1926'><img loading=\"lazy\" decoding=\"async\" width=\"150\" height=\"150\" src=\"https:\/\/www.medienbuero.li\/wp-content\/uploads\/2015\/12\/DSC_0107-150x150.jpg\" class=\"attachment-thumbnail size-thumbnail\" alt=\"\" srcset=\"https:\/\/www.medienbuero.li\/wp-content\/uploads\/2015\/12\/DSC_0107-150x150.jpg 150w, https:\/\/www.medienbuero.li\/wp-content\/uploads\/2015\/12\/DSC_0107-550x550.jpg 550w, https:\/\/www.medienbuero.li\/wp-content\/uploads\/2015\/12\/DSC_0107-300x300.jpg 300w\" sizes=\"(max-width: 150px) 100vw, 150px\" \/><\/a>\n\t\t\t<\/div><\/figure><figure class='gallery-item'>\n\t\t\t<div class='gallery-icon landscape'>\n\t\t\t\t<a href='https:\/\/www.medienbuero.li\/?attachment_id=1924'><img loading=\"lazy\" decoding=\"async\" width=\"150\" height=\"150\" src=\"https:\/\/www.medienbuero.li\/wp-content\/uploads\/2015\/12\/DSC_0095-150x150.jpg\" class=\"attachment-thumbnail size-thumbnail\" alt=\"\" srcset=\"https:\/\/www.medienbuero.li\/wp-content\/uploads\/2015\/12\/DSC_0095-150x150.jpg 150w, https:\/\/www.medienbuero.li\/wp-content\/uploads\/2015\/12\/DSC_0095-550x550.jpg 550w, https:\/\/www.medienbuero.li\/wp-content\/uploads\/2015\/12\/DSC_0095-300x300.jpg 300w\" sizes=\"(max-width: 150px) 100vw, 150px\" \/><\/a>\n\t\t\t<\/div><\/figure><figure class='gallery-item'>\n\t\t\t<div class='gallery-icon landscape'>\n\t\t\t\t<a href='https:\/\/www.medienbuero.li\/?attachment_id=1920'><img loading=\"lazy\" decoding=\"async\" width=\"150\" height=\"150\" src=\"https:\/\/www.medienbuero.li\/wp-content\/uploads\/2015\/12\/DSC_0051-150x150.jpg\" class=\"attachment-thumbnail size-thumbnail\" alt=\"\" srcset=\"https:\/\/www.medienbuero.li\/wp-content\/uploads\/2015\/12\/DSC_0051-150x150.jpg 150w, https:\/\/www.medienbuero.li\/wp-content\/uploads\/2015\/12\/DSC_0051-550x550.jpg 550w, https:\/\/www.medienbuero.li\/wp-content\/uploads\/2015\/12\/DSC_0051-300x300.jpg 300w\" sizes=\"(max-width: 150px) 100vw, 150px\" \/><\/a>\n\t\t\t<\/div><\/figure><figure class='gallery-item'>\n\t\t\t<div class='gallery-icon landscape'>\n\t\t\t\t<a href='https:\/\/www.medienbuero.li\/?attachment_id=1922'><img loading=\"lazy\" decoding=\"async\" width=\"150\" height=\"150\" src=\"https:\/\/www.medienbuero.li\/wp-content\/uploads\/2015\/12\/DSC_0086-150x150.jpg\" class=\"attachment-thumbnail size-thumbnail\" alt=\"\" srcset=\"https:\/\/www.medienbuero.li\/wp-content\/uploads\/2015\/12\/DSC_0086-150x150.jpg 150w, https:\/\/www.medienbuero.li\/wp-content\/uploads\/2015\/12\/DSC_0086-550x550.jpg 550w, https:\/\/www.medienbuero.li\/wp-content\/uploads\/2015\/12\/DSC_0086-300x300.jpg 300w\" sizes=\"(max-width: 150px) 100vw, 150px\" \/><\/a>\n\t\t\t<\/div><\/figure><figure class='gallery-item'>\n\t\t\t<div class='gallery-icon portrait'>\n\t\t\t\t<a href='https:\/\/www.medienbuero.li\/?attachment_id=1923'><img loading=\"lazy\" decoding=\"async\" width=\"150\" height=\"150\" src=\"https:\/\/www.medienbuero.li\/wp-content\/uploads\/2015\/12\/DSC_0089-150x150.jpg\" class=\"attachment-thumbnail size-thumbnail\" alt=\"\" srcset=\"https:\/\/www.medienbuero.li\/wp-content\/uploads\/2015\/12\/DSC_0089-150x150.jpg 150w, https:\/\/www.medienbuero.li\/wp-content\/uploads\/2015\/12\/DSC_0089-550x550.jpg 550w, https:\/\/www.medienbuero.li\/wp-content\/uploads\/2015\/12\/DSC_0089-300x300.jpg 300w\" sizes=\"(max-width: 150px) 100vw, 150px\" \/><\/a>\n\t\t\t<\/div><\/figure><figure class='gallery-item'>\n\t\t\t<div class='gallery-icon landscape'>\n\t\t\t\t<a href='https:\/\/www.medienbuero.li\/?attachment_id=1919'><img loading=\"lazy\" decoding=\"async\" width=\"150\" height=\"150\" src=\"https:\/\/www.medienbuero.li\/wp-content\/uploads\/2015\/12\/DSC_0049-150x150.jpg\" class=\"attachment-thumbnail size-thumbnail\" alt=\"\" srcset=\"https:\/\/www.medienbuero.li\/wp-content\/uploads\/2015\/12\/DSC_0049-150x150.jpg 150w, https:\/\/www.medienbuero.li\/wp-content\/uploads\/2015\/12\/DSC_0049-550x550.jpg 550w, https:\/\/www.medienbuero.li\/wp-content\/uploads\/2015\/12\/DSC_0049-300x300.jpg 300w\" sizes=\"(max-width: 150px) 100vw, 150px\" \/><\/a>\n\t\t\t<\/div><\/figure><figure class='gallery-item'>\n\t\t\t<div class='gallery-icon landscape'>\n\t\t\t\t<a href='https:\/\/www.medienbuero.li\/?attachment_id=1927'><img loading=\"lazy\" decoding=\"async\" width=\"150\" height=\"150\" src=\"https:\/\/www.medienbuero.li\/wp-content\/uploads\/2015\/12\/DSC_0113_01-150x150.jpg\" class=\"attachment-thumbnail size-thumbnail\" alt=\"\" srcset=\"https:\/\/www.medienbuero.li\/wp-content\/uploads\/2015\/12\/DSC_0113_01-150x150.jpg 150w, https:\/\/www.medienbuero.li\/wp-content\/uploads\/2015\/12\/DSC_0113_01-550x550.jpg 550w, https:\/\/www.medienbuero.li\/wp-content\/uploads\/2015\/12\/DSC_0113_01-300x300.jpg 300w\" sizes=\"(max-width: 150px) 100vw, 150px\" \/><\/a>\n\t\t\t<\/div><\/figure><figure class='gallery-item'>\n\t\t\t<div class='gallery-icon landscape'>\n\t\t\t\t<a href='https:\/\/www.medienbuero.li\/?attachment_id=1930'><img loading=\"lazy\" decoding=\"async\" width=\"150\" height=\"150\" src=\"https:\/\/www.medienbuero.li\/wp-content\/uploads\/2015\/12\/DSC_0129-150x150.jpg\" class=\"attachment-thumbnail size-thumbnail\" alt=\"\" srcset=\"https:\/\/www.medienbuero.li\/wp-content\/uploads\/2015\/12\/DSC_0129-150x150.jpg 150w, https:\/\/www.medienbuero.li\/wp-content\/uploads\/2015\/12\/DSC_0129-550x550.jpg 550w, https:\/\/www.medienbuero.li\/wp-content\/uploads\/2015\/12\/DSC_0129-300x300.jpg 300w\" sizes=\"(max-width: 150px) 100vw, 150px\" \/><\/a>\n\t\t\t<\/div><\/figure>\n\t\t<\/div>\n<br \/>\n&nbsp;<\/p>\n<h3><\/h3>\n<p>&nbsp;<\/p>\n<h3><strong>ALLES KLAR \u2013 Imagebrosch\u00fcre AZV<\/strong><\/h3>\n<p>Ein Portr\u00e4t des Abwasserverbands der Gemeinden Liechtensteins in Brosch\u00fcrenform, welches einen Einblick in die Wasserverwertung und kommunale Zusammenarbeit der Region gibt. F\u00fcr uns ein<a href=\"http:\/\/www.medienbuero.li\/projects\/alles-klar\/\"> interessantes Projekt<\/a>\u00a0mit viel Hintergrundinformationen.<br \/>\n<a href=\"http:\/\/www.medienbuero.li\/wp-content\/uploads\/2015\/12\/AZW_002-Projekt.jpg\" rel=\"attachment wp-att-1901\"><img loading=\"lazy\" decoding=\"async\" class=\"aligncenter size-full wp-image-1901\" src=\"http:\/\/www.medienbuero.li\/wp-content\/uploads\/2015\/12\/AZW_002-Projekt.jpg\" alt=\"AZW_002-Projekt\" width=\"580\" height=\"347\" srcset=\"https:\/\/www.medienbuero.li\/wp-content\/uploads\/2015\/12\/AZW_002-Projekt.jpg 580w, https:\/\/www.medienbuero.li\/wp-content\/uploads\/2015\/12\/AZW_002-Projekt-300x179.jpg 300w, https:\/\/www.medienbuero.li\/wp-content\/uploads\/2015\/12\/AZW_002-Projekt-550x329.jpg 550w\" sizes=\"(max-width: 580px) 100vw, 580px\" \/><\/a> <a href=\"http:\/\/www.medienbuero.li\/wp-content\/uploads\/2015\/12\/AZW_001-Projekt.jpg\" rel=\"attachment wp-att-1900\"><img loading=\"lazy\" decoding=\"async\" class=\"aligncenter size-full wp-image-1900\" src=\"http:\/\/www.medienbuero.li\/wp-content\/uploads\/2015\/12\/AZW_001-Projekt.jpg\" alt=\"AZW_001-Projekt\" width=\"580\" height=\"347\" srcset=\"https:\/\/www.medienbuero.li\/wp-content\/uploads\/2015\/12\/AZW_001-Projekt.jpg 580w, https:\/\/www.medienbuero.li\/wp-content\/uploads\/2015\/12\/AZW_001-Projekt-300x179.jpg 300w, https:\/\/www.medienbuero.li\/wp-content\/uploads\/2015\/12\/AZW_001-Projekt-550x329.jpg 550w\" sizes=\"(max-width: 580px) 100vw, 580px\" \/><\/a><br \/>\n&nbsp;<\/p>\n<h3><\/h3>\n<p>&nbsp;<\/p>\n<h3><strong>oho #2<\/strong><\/h3>\n<p>Wir sind jetzt schon\u00a0wieder an\u00a0der Planung und Umsetzung der Ausgabe 3 und haben die Ausgabe gar nicht richtig vorgestellt. Dieses <a href=\"http:\/\/www.medienbuero.li\/oho-2-das-magazin-des-fuerstentums-liechtenstein\/\">Prestige-Projekt<\/a> in Zusammenarbeit mit dem Liechtenstein Marketing fand auch in der zweiten\u00a0Ausgabe viel Anklang \u2013 sowohl die Auswahl der Themen, als auch die grafische Umsetzung.<br \/>\n<a href=\"http:\/\/www.medienbuero.li\/wp-content\/uploads\/2015\/12\/oho2-Magazin.jpg\" rel=\"attachment wp-att-1896\"><img loading=\"lazy\" decoding=\"async\" class=\"aligncenter size-medium wp-image-1896\" src=\"http:\/\/www.medienbuero.li\/wp-content\/uploads\/2015\/12\/oho2-Magazin-600x400.jpg\" alt=\"oho#2-Magazin\" width=\"600\" height=\"400\" \/><\/a><br \/>\n&nbsp;<\/p>\n<h3><\/h3>\n<p>&nbsp;<\/p>\n<h3><strong>USV Post 2015<\/strong><\/h3>\n<p>Die \u00abHauszeitung\u00bb des <strong>Unterl\u00e4nder Spielerveeinigung\u00a0USV Eschen\/Mauren<\/strong> hat ein Redesign erhalten.<br \/>\n<a href=\"http:\/\/www.medienbuero.li\/wp-content\/uploads\/2015\/12\/7U4I5519.jpg\" rel=\"attachment wp-att-1938\"><img loading=\"lazy\" decoding=\"async\" class=\"aligncenter size-medium wp-image-1938\" src=\"http:\/\/www.medienbuero.li\/wp-content\/uploads\/2015\/12\/7U4I5519-600x425.jpg\" alt=\"7U4I5519\" width=\"600\" height=\"425\" \/><\/a><\/p>\n<h3><\/h3>\n<p>&nbsp;<\/p>\n<h3><b>Infotafel \u00abEsche-Renaturierung\u00bb<\/b><\/h3>\n<p>F\u00fcr die Gemeinde Eschen und Mauren haben wir in Zusammenarbeit mit dem Amt f\u00fcr Umfeld eine neue Infotafel entworfen, die dem interessierten Spazierg\u00e4nger an der Esche Inforamtionen zu Thema Renaturierung aufzeigt.<br \/>\n<a href=\"http:\/\/www.medienbuero.li\/wp-content\/uploads\/2015\/12\/Bildschirmfoto-2015-12-22-um-14.45.27.png\" rel=\"attachment wp-att-1966\"><img loading=\"lazy\" decoding=\"async\" class=\"aligncenter size-large wp-image-1966\" src=\"http:\/\/www.medienbuero.li\/wp-content\/uploads\/2015\/12\/Bildschirmfoto-2015-12-22-um-14.45.27-626x940.png\" alt=\"Bildschirmfoto 2015-12-22 um 14.45.27\" width=\"626\" height=\"940\" \/><\/a><\/p>\n<h3><\/h3>\n<p>&nbsp;<\/p>\n<h3><strong>150 Jahre Gesangsverein Kirchenchor Bender-Gamprin<\/strong><\/h3>\n<p>Anl\u00e4sslich dieses Jubil\u00e4ums durften wir die Umschlags-Gestaltung der Festschrift\u00a0\u00fcbernehmen sowie beratend dem Kunden in Fragen Inhaltsgestaltung und Druck unterst\u00fctzen.<\/p>\n<h3><a href=\"http:\/\/www.medienbuero.li\/wp-content\/uploads\/2015\/12\/7U4I5520.jpg\" rel=\"attachment wp-att-1939\"><img loading=\"lazy\" decoding=\"async\" class=\"aligncenter size-medium wp-image-1939\" src=\"http:\/\/www.medienbuero.li\/wp-content\/uploads\/2015\/12\/7U4I5520-600x352.jpg\" alt=\"7U4I5520\" width=\"600\" height=\"352\" \/><\/a><\/h3>\n<p>&nbsp;<\/p>\n<h3><\/h3>\n<p>&nbsp;<\/p>\n<h3><strong>PULS \u2013 Die Zeitung des Liechtensteinischen Landesspitals<\/strong><\/h3>\n<p><a href=\"http:\/\/www.medienbuero.li\/wp-content\/uploads\/2015\/12\/7U4I4988.jpg\" rel=\"attachment wp-att-1971\"><img loading=\"lazy\" decoding=\"async\" class=\"aligncenter size-medium wp-image-1972\" src=\"http:\/\/www.medienbuero.li\/wp-content\/uploads\/2015\/12\/7U4I4996-600x347.jpg\" alt=\"7U4I4996\" width=\"600\" height=\"347\" \/><img loading=\"lazy\" decoding=\"async\" class=\"aligncenter size-medium wp-image-1971\" src=\"http:\/\/www.medienbuero.li\/wp-content\/uploads\/2015\/12\/7U4I4988-600x329.jpg\" alt=\"7U4I4988\" width=\"600\" height=\"329\" \/><\/a><\/p>\n<h3><\/h3>\n<p>&nbsp;<\/p>\n<h3><strong>50 Jahre Franz Elkuch AG<\/strong><\/h3>\n<p>Eine Jubil\u00e4umsbrosch\u00fcre von A bis Z zu erstellen ist immer ein Freude \u2026mit so einer Kundschaft erst recht \ud83d\ude42 Mehr Details: <a href=\"http:\/\/www.medienbuero.li\/projects\/50-jahre-franz-elkuch-ag\/\">Hier<\/a><\/p>\n<h3><a href=\"http:\/\/www.medienbuero.li\/wp-content\/uploads\/2015\/12\/Bildschirmfoto-2015-12-18-um-16.11.51.png\" rel=\"attachment wp-att-1913\"><img loading=\"lazy\" decoding=\"async\" class=\"aligncenter size-medium wp-image-1913\" src=\"http:\/\/www.medienbuero.li\/wp-content\/uploads\/2015\/12\/Bildschirmfoto-2015-12-18-um-16.11.51-600x467.png\" alt=\"Bildschirmfoto 2015-12-18 um 16.11.51\" width=\"600\" height=\"467\" \/><\/a><\/h3>\n<p>&nbsp;<\/p>\n<h3><\/h3>\n<p>&nbsp;<\/p>\n<h3><strong>diverse Kleinauftr\u00e4ge<\/strong><\/h3>\n<p>Neben den \u00abgrossen Sachen\u00bb erledigen wir auch s\u00e4mtliche redaktionelle und grafische unserer Kundschaft. Auch wenn der Aufwand geringer ist, unwichtiger sind sie deswegen nicht.<br \/>\n<a href=\"http:\/\/www.medienbuero.li\/wp-content\/uploads\/2015\/12\/7U4I5529.jpg\" rel=\"attachment wp-att-1941\"><img loading=\"lazy\" decoding=\"async\" class=\"aligncenter size-medium wp-image-1941\" src=\"http:\/\/www.medienbuero.li\/wp-content\/uploads\/2015\/12\/7U4I5529-600x422.jpg\" alt=\"7U4I5529\" width=\"600\" height=\"422\" \/><\/a><br \/>\n&nbsp;<br \/>\n&nbsp;<\/p>\n","protected":false},"excerpt":{"rendered":"<p>Auch im Jahr 2015 hat das Medienbuero Oehri &amp; Kaiser AG \u00a0einige interessanten Projekte umsetzen und Auftr\u00e4ge ausf\u00fchren d\u00fcrfen.\u00a0Gerne zeigen\u00a0wir Ihnen eine Auswahl. &nbsp; golf Magazin Ausgabe 6 Neben den monatlichen Eigenproduktionen lie:zeit und bau:zeit wurde die 6. Ausgabe unseres golf-Magazines der \u00d6ffentlichkeit vorgestellt. Der Pr\u00e4sentationsabend im Atrium, Buchs war auch ein voller Erfolg. &nbsp; &nbsp; Redesign\u00a0B\u00fcchel Architektur AG Ein weiteres Highlight war der Auftrag&#8230; <\/p>\n<p class=\"more\"><a class=\"more-link\" href=\"https:\/\/www.medienbuero.li\/?p=1960\">Read More<\/a><\/p>\n","protected":false},"author":1,"featured_media":1941,"comment_status":"closed","ping_status":"open","sticky":false,"template":"","format":"standard","meta":{"footnotes":""},"categories":[13,18,15,19,14,16,17],"tags":[30,31,54,58,62,66,68,70,85,86,108,110],"_links":{"self":[{"href":"https:\/\/www.medienbuero.li\/index.php?rest_route=\/wp\/v2\/posts\/1960"}],"collection":[{"href":"https:\/\/www.medienbuero.li\/index.php?rest_route=\/wp\/v2\/posts"}],"about":[{"href":"https:\/\/www.medienbuero.li\/index.php?rest_route=\/wp\/v2\/types\/post"}],"author":[{"embeddable":true,"href":"https:\/\/www.medienbuero.li\/index.php?rest_route=\/wp\/v2\/users\/1"}],"replies":[{"embeddable":true,"href":"https:\/\/www.medienbuero.li\/index.php?rest_route=%2Fwp%2Fv2%2Fcomments&post=1960"}],"version-history":[{"count":0,"href":"https:\/\/www.medienbuero.li\/index.php?rest_route=\/wp\/v2\/posts\/1960\/revisions"}],"wp:featuredmedia":[{"embeddable":true,"href":"https:\/\/www.medienbuero.li\/index.php?rest_route=\/wp\/v2\/media\/1941"}],"wp:attachment":[{"href":"https:\/\/www.medienbuero.li\/index.php?rest_route=%2Fwp%2Fv2%2Fmedia&parent=1960"}],"wp:term":[{"taxonomy":"category","embeddable":true,"href":"https:\/\/www.medienbuero.li\/index.php?rest_route=%2Fwp%2Fv2%2Fcategories&post=1960"},{"taxonomy":"post_tag","embeddable":true,"href":"https:\/\/www.medienbuero.li\/index.php?rest_route=%2Fwp%2Fv2%2Ftags&post=1960"}],"curies":[{"name":"wp","href":"https:\/\/api.w.org\/{rel}","templated":true}]}}