{"id":1796,"date":"2015-06-17T13:40:58","date_gmt":"2015-06-17T13:40:58","guid":{"rendered":"http:\/\/www.medienbuero.li\/?p=1796"},"modified":"2015-06-17T13:40:58","modified_gmt":"2015-06-17T13:40:58","slug":"oho-zum-zweiten","status":"publish","type":"post","link":"https:\/\/www.medienbuero.li\/?p=1796","title":{"rendered":"\u00aboho\u00bb zum Zweiten"},"content":{"rendered":"<p><figure id=\"attachment_1797\" aria-describedby=\"caption-attachment-1797\" style=\"width: 561px\" class=\"wp-caption alignleft\"><img fetchpriority=\"high\" decoding=\"async\" class=\"wp-image-1797 \" src=\"http:\/\/www.medienbuero.li\/wp-content\/uploads\/2015\/06\/oho2-Magazin-800x533.jpg\" alt=\"oho#2-Magazin\" width=\"561\" height=\"375\" \/><figcaption id=\"caption-attachment-1797\" class=\"wp-caption-text\">Zum zweiten Mal durfte die Medienbuero Oehri &amp; Kaiser AG aus Eschen, Liechtenstein das oho-Magazin in Zusammenarbeit mit dem Liechtenstein Marketing redaktionell und grafisch entwickeln.<\/figcaption><\/figure><br \/>\nDie zweite Ausgabe des exklusiven \u00aboho\u00bb-Magazins des F\u00fcrstentum Liechtenstein \u2013 eine Publikation des Liechtenstein Marketing zusammen mit der Medienbuero Oehri &amp; Kaiser AG \u2013 wird heute feierlich im Liechtenstein Center der \u00d6ffentlichkeit pr\u00e4sentiert.<br \/>\nSo interessant die Geschichten aus dem F\u00fcrstentum, der Wirtschaft, Kultur und Freizeit sind, so edel, einladend und modern ist das Design dieses einzigartigen Liechtenstein-Magazins.<\/p>\n<p class=\"western\">Schauen Sie sich\u2019s an, Sie werden begeistert sein \u2013 unter <span style=\"color: #0000ff;\"><u><a href=\"http:\/\/www.medienbuero.li\/\">www.medienbuero.li<\/a><\/u><\/span> oder <span style=\"color: #0000ff;\"><u><a href=\"http:\/\/www.liechtenstein.li\/\">www.liechtenstein.li<\/a><\/u><\/span>.<\/p>\n<p class=\"western\">Exemplare erh\u00e4ltlich bei der Medienbuero Oehri &amp; Kaiser AG, Essanestrasse 116, Eschen oder bei Liechtenstein Marketing, \u00c4ulestrasse 30, Vaduz.<\/p>\n<h6 class=\"western\"><em>Eine PDF-Version wird ab morgen online sein \u2026<\/em><\/h6>\n","protected":false},"excerpt":{"rendered":"<p>Die zweite Ausgabe des exklusiven \u00aboho\u00bb-Magazins des F\u00fcrstentum Liechtenstein \u2013 eine Publikation des Liechtenstein Marketing zusammen mit der Medienbuero Oehri &amp; Kaiser AG \u2013 wird heute feierlich im Liechtenstein Center der \u00d6ffentlichkeit pr\u00e4sentiert. So interessant die Geschichten aus dem F\u00fcrstentum, der Wirtschaft, Kultur und Freizeit sind, so edel, einladend und modern ist das Design dieses einzigartigen Liechtenstein-Magazins. Schauen Sie sich\u2019s an, Sie werden begeistert sein&#8230; <\/p>\n<p class=\"more\"><a class=\"more-link\" href=\"https:\/\/www.medienbuero.li\/?p=1796\">Read More<\/a><\/p>\n","protected":false},"author":1,"featured_media":1797,"comment_status":"open","ping_status":"open","sticky":false,"template":"","format":"standard","meta":{"footnotes":""},"categories":[18,16],"tags":[31,66,68,70,77,83,85,86],"_links":{"self":[{"href":"https:\/\/www.medienbuero.li\/index.php?rest_route=\/wp\/v2\/posts\/1796"}],"collection":[{"href":"https:\/\/www.medienbuero.li\/index.php?rest_route=\/wp\/v2\/posts"}],"about":[{"href":"https:\/\/www.medienbuero.li\/index.php?rest_route=\/wp\/v2\/types\/post"}],"author":[{"embeddable":true,"href":"https:\/\/www.medienbuero.li\/index.php?rest_route=\/wp\/v2\/users\/1"}],"replies":[{"embeddable":true,"href":"https:\/\/www.medienbuero.li\/index.php?rest_route=%2Fwp%2Fv2%2Fcomments&post=1796"}],"version-history":[{"count":0,"href":"https:\/\/www.medienbuero.li\/index.php?rest_route=\/wp\/v2\/posts\/1796\/revisions"}],"wp:featuredmedia":[{"embeddable":true,"href":"https:\/\/www.medienbuero.li\/index.php?rest_route=\/wp\/v2\/media\/1797"}],"wp:attachment":[{"href":"https:\/\/www.medienbuero.li\/index.php?rest_route=%2Fwp%2Fv2%2Fmedia&parent=1796"}],"wp:term":[{"taxonomy":"category","embeddable":true,"href":"https:\/\/www.medienbuero.li\/index.php?rest_route=%2Fwp%2Fv2%2Fcategories&post=1796"},{"taxonomy":"post_tag","embeddable":true,"href":"https:\/\/www.medienbuero.li\/index.php?rest_route=%2Fwp%2Fv2%2Ftags&post=1796"}],"curies":[{"name":"wp","href":"https:\/\/api.w.org\/{rel}","templated":true}]}}