{"id":1777,"date":"2015-06-08T14:55:29","date_gmt":"2015-06-08T14:55:29","guid":{"rendered":"http:\/\/www.medienbuero.li\/?p=1777"},"modified":"2015-06-08T14:55:29","modified_gmt":"2015-06-08T14:55:29","slug":"michael-benvenuti-neu-beim-medienbuero","status":"publish","type":"post","link":"https:\/\/www.medienbuero.li\/?p=1777","title":{"rendered":"Michael Benvenuti neu beim Medienbuero"},"content":{"rendered":"<p><img fetchpriority=\"high\" decoding=\"async\" class=\"alignleft  wp-image-1782\" src=\"http:\/\/www.medienbuero.li\/wp-content\/uploads\/2015\/06\/img_mitarbeiter_michael_benvenuti.jpg\" alt=\"img_mitarbeiter_michael_benvenuti\" width=\"582\" height=\"316\" \/><br \/>\nAm 1. August 2015 tritt der bisherige Politikchef des Liechtensteiner Volksblatt, Michael Benvenuti, in unsere Dienste. Er z\u00e4hlt zu den kompetentesten Journalisten in unserem Land und verst\u00e4rkt unser lie:zeit-Team. Auch wird er massgeblich in der wichtigen Marketing-Abteilung t\u00e4tig sein und sie weiter auf-und ausbauen.<br \/>\nWir freuen uns auf den Eintritt von Michael Benvenuti und heissen ihn herzlich willkommen.<br \/>\n<strong>Verena Cort\u00e9s verl\u00e4sst uns<br \/>\n<\/strong>Verena Cort\u00e9s wird unser Redaktions-Team verlassen. Sie wird sich in naher Zukunft als selbstst\u00e4ndige Journalistin pr\u00e4sentieren. Mit\u00a0ihr verliert die lie-Redaktion nicht nur eine hochqualifizierte Journalistin, sondern ebenso eine stets gut gelaunte Frohnatur. Sie wird uns fehlen.<br \/>\n&nbsp;<\/p>\n","protected":false},"excerpt":{"rendered":"<p>Am 1. August 2015 tritt der bisherige Politikchef des Liechtensteiner Volksblatt, Michael Benvenuti, in unsere Dienste. Er z\u00e4hlt zu den kompetentesten Journalisten in unserem Land und verst\u00e4rkt unser lie:zeit-Team. Auch wird er massgeblich in der wichtigen Marketing-Abteilung t\u00e4tig sein und sie weiter auf-und ausbauen. Wir freuen uns auf den Eintritt von Michael Benvenuti und heissen ihn herzlich willkommen. Verena Cort\u00e9s verl\u00e4sst uns Verena Cort\u00e9s wird&#8230; <\/p>\n<p class=\"more\"><a class=\"more-link\" href=\"https:\/\/www.medienbuero.li\/?p=1777\">Read More<\/a><\/p>\n","protected":false},"author":1,"featured_media":1782,"comment_status":"open","ping_status":"open","sticky":false,"template":"","format":"standard","meta":{"footnotes":""},"categories":[18,19,21],"tags":[],"_links":{"self":[{"href":"https:\/\/www.medienbuero.li\/index.php?rest_route=\/wp\/v2\/posts\/1777"}],"collection":[{"href":"https:\/\/www.medienbuero.li\/index.php?rest_route=\/wp\/v2\/posts"}],"about":[{"href":"https:\/\/www.medienbuero.li\/index.php?rest_route=\/wp\/v2\/types\/post"}],"author":[{"embeddable":true,"href":"https:\/\/www.medienbuero.li\/index.php?rest_route=\/wp\/v2\/users\/1"}],"replies":[{"embeddable":true,"href":"https:\/\/www.medienbuero.li\/index.php?rest_route=%2Fwp%2Fv2%2Fcomments&post=1777"}],"version-history":[{"count":0,"href":"https:\/\/www.medienbuero.li\/index.php?rest_route=\/wp\/v2\/posts\/1777\/revisions"}],"wp:featuredmedia":[{"embeddable":true,"href":"https:\/\/www.medienbuero.li\/index.php?rest_route=\/wp\/v2\/media\/1782"}],"wp:attachment":[{"href":"https:\/\/www.medienbuero.li\/index.php?rest_route=%2Fwp%2Fv2%2Fmedia&parent=1777"}],"wp:term":[{"taxonomy":"category","embeddable":true,"href":"https:\/\/www.medienbuero.li\/index.php?rest_route=%2Fwp%2Fv2%2Fcategories&post=1777"},{"taxonomy":"post_tag","embeddable":true,"href":"https:\/\/www.medienbuero.li\/index.php?rest_route=%2Fwp%2Fv2%2Ftags&post=1777"}],"curies":[{"name":"wp","href":"https:\/\/api.w.org\/{rel}","templated":true}]}}