{"id":1722,"date":"2014-09-04T14:54:46","date_gmt":"2014-09-04T14:54:46","guid":{"rendered":"http:\/\/www.medienbuero.li\/?p=1722"},"modified":"2014-09-04T14:54:46","modified_gmt":"2014-09-04T14:54:46","slug":"liezeit-ausgabe-28","status":"publish","type":"post","link":"https:\/\/www.medienbuero.li\/?p=1722","title":{"rendered":"lie:zeit Ausgabe 28"},"content":{"rendered":"<p><iframe src=\"\/\/e.issuu.com\/embed.html#2861048\/9186652\" width=\"525\" height=\"344\" frameborder=\"0\" allowfullscreen=\"allowfullscreen\"><\/iframe><br \/>\n<b>Liebe Leserinnen,<br \/>\nliebe Leser <\/b><br \/>\nUnser Mann auf der Titelseite hat allen Grund sich zu freuen: Nicht nur, weil Tobias M\u00fcller zu den Gl\u00fccklichen z\u00e4hlt, die diesen Sommer dank Ferien im Ausland Sonne tanken durften, sondern auch, weil es ihm gelungen ist, seinen beruflichen Traum zu leben. Der 31-j\u00e4hrige Melser steht w\u00f6chentlich f\u00fcr die Wissenssendung \u00abEinstein\u00bb vor der Kamera und flimmert jeden Donnerstagabend um 21 Uhr auf SRF1 in die Wohnzimmer. Wie ihm der Schritt vom einstigen Radiomann bei \u00abRadio Ri\u00bb zu einem bekannten Schweizer Fernsehgesicht gelungen ist und wie sein neues Leben in der \u00d6ffentlichkeit aussieht, erz\u00e4hlt uns der sympathische Moderator in der Titelstory.<br \/>\nEinen Blick \u00fcber den Rhein werfen wir auch politisch: Mit SVP-Pr\u00e4sident Toni Brunner sprechen wir im Interview \u00fcber aktuelle Themen, die zwischen der Schweiz und Liechtenstein zur Zeit diskutiert werden. Ob Quellensteuer f\u00fcr Grenzg\u00e4nger oder Auswirkungen der Masseneinwanderungsinitiative \u2013 in einigen Themen bestehen Meinungsverschiedenheiten zwischen den Nachbarl\u00e4ndern. Wie Toni Brunner das Verh\u00e4ltnis beider Staaten beurteilt und was die gr\u00f6sste Schweizer Partei zu den aktuellen Sach-themen sagt, lesen Sie in der Polit:zeit.<br \/>\nDer Sportteil f\u00fchrt Sie einmal mehr \u00fcber den Rasen \u2013 nur dieses Mal auch hoch zu Ross. Im Fr\u00fchling hat die erste Poloschule in Liechtenstein ihre Stallt\u00fcren ge\u00f6ffnet und den mond\u00e4nen Sport nach Vaduz gebracht. Den Gr\u00fcndern der Poloschule war es von Angang an ein Anliegen, mit den Klischees rund um den Sport aufzur\u00e4umen und zu zeigen, dass Polo auch abseits der Pelzm\u00e4ntel und Champagner-Gl\u00e4ser ein faszinierender Sport ist. Die erste Saison neigt sich nun dem Ende zu und die Gr\u00fcnder der Poloschule ziehen eine erste Bilanz.<br \/>\nZum 20. Mal pr\u00e4sentieren sich heimische Unternehmen aus Industrie, Handel und Gewerbe mit regionalen Produkten an der LIHGA. Seit gestern hat die beliebte Messe ihre Tore ge\u00f6ffnet und sorgt mit ihrem abwechslungsreichen Programm bis kommenden Samstag f\u00fcr eine Bereicherung im Liechtensteinischen Veranstaltungskalender. In meine:zeit geben wir Ihnen einen \u00dcberblick \u00fcber die Messehighlights und stellen Ihnen zugleich einen der neuen Organisationsk\u00f6pfe vor. Der Werbeexperte Leone Ming hat dieses Jahr zum ersten Mal gemeinsam mit Roland Egle und Georges L\u00fcchinger die Messeleitung \u00fcbernommen. In unserer Rubrik \u00abPers\u00f6nlichkeiten\u00bb stellen wir Ihnen den kreativen Gesch\u00e4ftsmann vor.<br \/>\nNun w\u00fcnsche ich Ihnen eine spannende Lekt\u00fcre und einen sonnenreichen Herbst!<br \/>\nHerzliche Gr\u00fcsse aus der Redaktion<br \/>\nVerena Cort\u00e9s<\/p>\n","protected":false},"excerpt":{"rendered":"<p>Liebe Leserinnen, liebe Leser Unser Mann auf der Titelseite hat allen Grund sich zu freuen: Nicht nur, weil Tobias M\u00fcller zu den Gl\u00fccklichen z\u00e4hlt, die diesen Sommer dank Ferien im Ausland Sonne tanken durften, sondern auch, weil es ihm gelungen ist, seinen beruflichen Traum zu leben. Der 31-j\u00e4hrige Melser steht w\u00f6chentlich f\u00fcr die Wissenssendung \u00abEinstein\u00bb vor der Kamera und flimmert jeden Donnerstagabend um 21 Uhr&#8230; <\/p>\n<p class=\"more\"><a class=\"more-link\" href=\"https:\/\/www.medienbuero.li\/?p=1722\">Read More<\/a><\/p>\n","protected":false},"author":1,"featured_media":1723,"comment_status":"closed","ping_status":"open","sticky":false,"template":"","format":"standard","meta":{"footnotes":""},"categories":[18,14,16],"tags":[54,62,70,85,86,110],"_links":{"self":[{"href":"https:\/\/www.medienbuero.li\/index.php?rest_route=\/wp\/v2\/posts\/1722"}],"collection":[{"href":"https:\/\/www.medienbuero.li\/index.php?rest_route=\/wp\/v2\/posts"}],"about":[{"href":"https:\/\/www.medienbuero.li\/index.php?rest_route=\/wp\/v2\/types\/post"}],"author":[{"embeddable":true,"href":"https:\/\/www.medienbuero.li\/index.php?rest_route=\/wp\/v2\/users\/1"}],"replies":[{"embeddable":true,"href":"https:\/\/www.medienbuero.li\/index.php?rest_route=%2Fwp%2Fv2%2Fcomments&post=1722"}],"version-history":[{"count":0,"href":"https:\/\/www.medienbuero.li\/index.php?rest_route=\/wp\/v2\/posts\/1722\/revisions"}],"wp:featuredmedia":[{"embeddable":true,"href":"https:\/\/www.medienbuero.li\/index.php?rest_route=\/wp\/v2\/media\/1723"}],"wp:attachment":[{"href":"https:\/\/www.medienbuero.li\/index.php?rest_route=%2Fwp%2Fv2%2Fmedia&parent=1722"}],"wp:term":[{"taxonomy":"category","embeddable":true,"href":"https:\/\/www.medienbuero.li\/index.php?rest_route=%2Fwp%2Fv2%2Fcategories&post=1722"},{"taxonomy":"post_tag","embeddable":true,"href":"https:\/\/www.medienbuero.li\/index.php?rest_route=%2Fwp%2Fv2%2Ftags&post=1722"}],"curies":[{"name":"wp","href":"https:\/\/api.w.org\/{rel}","templated":true}]}}