{"id":1718,"date":"2014-09-04T14:51:42","date_gmt":"2014-09-04T14:51:42","guid":{"rendered":"http:\/\/www.medienbuero.li\/?p=1718"},"modified":"2014-09-04T14:51:42","modified_gmt":"2014-09-04T14:51:42","slug":"bauzeit-ausgabe-28","status":"publish","type":"post","link":"https:\/\/www.medienbuero.li\/?p=1718","title":{"rendered":"bau:zeit Ausgabe 28"},"content":{"rendered":"<p><iframe src=\"\/\/e.issuu.com\/embed.html#2861048\/9195268\" width=\"525\" height=\"344\" frameborder=\"0\" allowfullscreen=\"allowfullscreen\"><\/iframe><br \/>\n<strong>Liebe Leserin, lieber Leser<\/strong><br \/>\nNeben einem reichhaltigen Repertoire von Immobilienangeboten der Deimag AG, CONFIDA AG sowie der Immobilien Frei Aktiengesellschaft pr\u00e4sentieren wir Ihnen den Um- und Neubau des Hotels\/Restaurants Turna im Malbun und werfen im Tiefbaubereich einen Blick hinter die Kulissen des Landstrassenprojekts bei der Feldkircherstrasse.<br \/>\nDie Gemeinde Schaan ist seit dem Start der gr\u00f6ssten liechtensteinischen Handels- und Gewerbeausstellung (LIHGA) traditionsgem\u00e4ss die Gastgebergemeinde. Schaan ist nicht nur einwohnerm\u00e4ssig die gr\u00f6sste Gemeinde Liechtensteins, sondern auch in wirtschaftlicher sowie kulturell-gesellschaftlicher Hinsicht eine sehr innovative Gemeinde. Lesen Sie das Interview mit Schaan\u2019s Gemeindevorsteher Daniel Hilti.<br \/>\nIn diesen Tagen befasste sich der Landtag mit der Ab\u00e4nderung des Gesetzes \u00fcber die F\u00f6rderung der Energieeffizienz und der erneuerbaren Energien. Der Wirtschafts- und Energieminister Thomas Zwiefelhofer geht in der bau:zeit auf die wesentlichen Zielsetzungen ein.<br \/>\nAuch zahlreiche weitere Themen werden Ihr Interesse wecken und so w\u00fcnschen wir Ihnen viel Spass bei der Lekt\u00fcre<\/p>\n<p style=\"color: #226dae;\">johannes.kaiser@medienbuero.li<\/p>\n<p style=\"color: #226dae;\">T. +423 375 90 00<\/p>\n","protected":false},"excerpt":{"rendered":"<p>Liebe Leserin, lieber Leser Neben einem reichhaltigen Repertoire von Immobilienangeboten der Deimag AG, CONFIDA AG sowie der Immobilien Frei Aktiengesellschaft pr\u00e4sentieren wir Ihnen den Um- und Neubau des Hotels\/Restaurants Turna im Malbun und werfen im Tiefbaubereich einen Blick hinter die Kulissen des Landstrassenprojekts bei der Feldkircherstrasse. Die Gemeinde Schaan ist seit dem Start der gr\u00f6ssten liechtensteinischen Handels- und Gewerbeausstellung (LIHGA) traditionsgem\u00e4ss die Gastgebergemeinde. Schaan ist&#8230; <\/p>\n<p class=\"more\"><a class=\"more-link\" href=\"https:\/\/www.medienbuero.li\/?p=1718\">Read More<\/a><\/p>\n","protected":false},"author":1,"featured_media":1719,"comment_status":"closed","ping_status":"open","sticky":false,"template":"","format":"standard","meta":{"footnotes":""},"categories":[13,18,19],"tags":[30,70,85,86,110],"_links":{"self":[{"href":"https:\/\/www.medienbuero.li\/index.php?rest_route=\/wp\/v2\/posts\/1718"}],"collection":[{"href":"https:\/\/www.medienbuero.li\/index.php?rest_route=\/wp\/v2\/posts"}],"about":[{"href":"https:\/\/www.medienbuero.li\/index.php?rest_route=\/wp\/v2\/types\/post"}],"author":[{"embeddable":true,"href":"https:\/\/www.medienbuero.li\/index.php?rest_route=\/wp\/v2\/users\/1"}],"replies":[{"embeddable":true,"href":"https:\/\/www.medienbuero.li\/index.php?rest_route=%2Fwp%2Fv2%2Fcomments&post=1718"}],"version-history":[{"count":0,"href":"https:\/\/www.medienbuero.li\/index.php?rest_route=\/wp\/v2\/posts\/1718\/revisions"}],"wp:featuredmedia":[{"embeddable":true,"href":"https:\/\/www.medienbuero.li\/index.php?rest_route=\/wp\/v2\/media\/1719"}],"wp:attachment":[{"href":"https:\/\/www.medienbuero.li\/index.php?rest_route=%2Fwp%2Fv2%2Fmedia&parent=1718"}],"wp:term":[{"taxonomy":"category","embeddable":true,"href":"https:\/\/www.medienbuero.li\/index.php?rest_route=%2Fwp%2Fv2%2Fcategories&post=1718"},{"taxonomy":"post_tag","embeddable":true,"href":"https:\/\/www.medienbuero.li\/index.php?rest_route=%2Fwp%2Fv2%2Ftags&post=1718"}],"curies":[{"name":"wp","href":"https:\/\/api.w.org\/{rel}","templated":true}]}}