{"id":1683,"date":"2014-08-14T07:21:41","date_gmt":"2014-08-14T07:21:41","guid":{"rendered":"http:\/\/www.medienbuero.li\/?p=1683"},"modified":"2014-08-14T07:21:41","modified_gmt":"2014-08-14T07:21:41","slug":"oho-liechtensteins-neues-magazin","status":"publish","type":"post","link":"https:\/\/www.medienbuero.li\/?p=1683","title":{"rendered":"oho \u2013 Liechtensteins neues Magazin"},"content":{"rendered":"<h3>Mit dem <strong>oho<\/strong>\u00a0pr\u00e4sentierte das Liechtenstein Marketing am 13. August 2014 im Liechtenstein Center das in Kooperation mit der Medienbuero Oehri &amp; Kaiser AG entstandene neue\u00a0Jahres-Magazin des F\u00fcrstentums Liechtenstein.<\/h3>\n<p><img fetchpriority=\"high\" decoding=\"async\" class=\"alignnone\" src=\"http:\/\/www.medienbuero.li\/wp-content\/uploads\/2014\/08\/image001-800x533.jpg\" alt=\"image001\" width=\"551\" height=\"367\" \/><\/p>\n<h5><em>Von links.: Eric Thiel (Marketingleiter Liechtenstein Marketing), Christoph Schredt (Verwaltungsratspr\u00e4sident\u00a0Liechtenstein Marketing), Wirtschaftsminister Thomas Zwiefelhofer, Ernst Fisch (Gesch\u00e4ftsf\u00fchrer\u00a0Liechtenstein Marketing) und Johannes Kaiser (Gesch\u00e4ftsf\u00fchrer Medienbuero Oehri &amp; Kaiser AG). Foto: Daniel Schwendener<\/em><\/h5>\n<p><strong>Neuer wertvoller Botschafter<br \/>\n<\/strong>Die Erfolgsgeschichte und die Geschichten des Landes weiterschreiben ist unsere ureigenste Aufgabe und Verantwortung. In diesem Sinne wird\u00a0p\u00fcnktlich zum Staatsfeiertag am 15. August ein neuer Botschafter unseres Landes pr\u00e4sentiert: Das \u00abLiechtenstein Magazin\u00bb. Eine hochwertige Visitenkarte, die Vielfalt und St\u00e4rken unserer Heimat in die Welt tr\u00e4gt. Ber\u00fchrend und bunt, einzigartig und hochwertig, informativ und unterhaltend \u2013 so wie Liechtenstein selbst.<br \/>\n<strong>Elegant und sympathisch, informativ und unterhaltend<br \/>\n<\/strong>Das neue \u00abLiechtenstein Magazin\u00bb l\u00e4dt seine Leserinnen und Leser auf eine Entdeckungsreise in die grosse Vielfalt des F\u00fcrstentums Liechtenstein ein. In einem eleganten, gleichzeitig kompakten und modernen Erscheinungsbild werden die kleinen und die grossen Geschichten unseres liebenswerten Landes erz\u00e4hlt, sie f\u00fchren hinter oftmals verschlossene T\u00fcren, verraten Tipps und Geheimnisse, die noch nicht mal jeder Liechtensteiner kennt \u2026<br \/>\nDie Medienbuero Oehri &amp; Kaiser AG ist stolz und dankbar an dem Projekt massgeblich beteiligt gewesen zu sein. Wir danken dem Liechtenstein Marketing f\u00fcr den Auftrag und f\u00fcr die inspirierende Zusammenarbeit.\u00a0Danke auch an das Team der Allmedia AG, den Autoren und Fotografen.<br \/>\n<em>Anschliessend k\u00f6nnen Sie in dem Magazin online bl\u00e4ttern. Wollen Sie ein gedrucktes Exemplaren in den H\u00e4nden halten? Kein Problem: Das Magazin ist beim Liechtenstein-Center, Vaduz und bei der Medienbuero Oehri &amp; Kaiser AG, Eschen erh\u00e4ltlich.<\/em><br \/>\n&nbsp;<\/p>\n<div data-configid=\"2861048\/8940229\" style=\"width: 554px; height: 362px;\" class=\"issuuembed\"><\/div>\n<p><script type=\"text\/javascript\" src=\"\/\/e.issuu.com\/embed.js\" async=\"true\"><\/script><\/p>\n","protected":false},"excerpt":{"rendered":"<p>Mit dem oho\u00a0pr\u00e4sentierte das Liechtenstein Marketing am 13. August 2014 im Liechtenstein Center das in Kooperation mit der Medienbuero Oehri &amp; Kaiser AG entstandene neue\u00a0Jahres-Magazin des F\u00fcrstentums Liechtenstein. Von links.: Eric Thiel (Marketingleiter Liechtenstein Marketing), Christoph Schredt (Verwaltungsratspr\u00e4sident\u00a0Liechtenstein Marketing), Wirtschaftsminister Thomas Zwiefelhofer, Ernst Fisch (Gesch\u00e4ftsf\u00fchrer\u00a0Liechtenstein Marketing) und Johannes Kaiser (Gesch\u00e4ftsf\u00fchrer Medienbuero Oehri &amp; Kaiser AG). Foto: Daniel Schwendener Neuer wertvoller Botschafter Die Erfolgsgeschichte und die&#8230; <\/p>\n<p class=\"more\"><a class=\"more-link\" href=\"https:\/\/www.medienbuero.li\/?p=1683\">Read More<\/a><\/p>\n","protected":false},"author":1,"featured_media":1681,"comment_status":"closed","ping_status":"closed","sticky":false,"template":"","format":"standard","meta":{"footnotes":""},"categories":[18,19,16,17],"tags":[31,65,66,70,77,85,86],"_links":{"self":[{"href":"https:\/\/www.medienbuero.li\/index.php?rest_route=\/wp\/v2\/posts\/1683"}],"collection":[{"href":"https:\/\/www.medienbuero.li\/index.php?rest_route=\/wp\/v2\/posts"}],"about":[{"href":"https:\/\/www.medienbuero.li\/index.php?rest_route=\/wp\/v2\/types\/post"}],"author":[{"embeddable":true,"href":"https:\/\/www.medienbuero.li\/index.php?rest_route=\/wp\/v2\/users\/1"}],"replies":[{"embeddable":true,"href":"https:\/\/www.medienbuero.li\/index.php?rest_route=%2Fwp%2Fv2%2Fcomments&post=1683"}],"version-history":[{"count":0,"href":"https:\/\/www.medienbuero.li\/index.php?rest_route=\/wp\/v2\/posts\/1683\/revisions"}],"wp:featuredmedia":[{"embeddable":true,"href":"https:\/\/www.medienbuero.li\/index.php?rest_route=\/wp\/v2\/media\/1681"}],"wp:attachment":[{"href":"https:\/\/www.medienbuero.li\/index.php?rest_route=%2Fwp%2Fv2%2Fmedia&parent=1683"}],"wp:term":[{"taxonomy":"category","embeddable":true,"href":"https:\/\/www.medienbuero.li\/index.php?rest_route=%2Fwp%2Fv2%2Fcategories&post=1683"},{"taxonomy":"post_tag","embeddable":true,"href":"https:\/\/www.medienbuero.li\/index.php?rest_route=%2Fwp%2Fv2%2Ftags&post=1683"}],"curies":[{"name":"wp","href":"https:\/\/api.w.org\/{rel}","templated":true}]}}