{"id":1675,"date":"2014-08-08T14:01:34","date_gmt":"2014-08-08T14:01:34","guid":{"rendered":"http:\/\/www.medienbuero.li\/?p=1675"},"modified":"2014-08-08T14:01:34","modified_gmt":"2014-08-08T14:01:34","slug":"liezeit-ausgabe-27","status":"publish","type":"post","link":"https:\/\/www.medienbuero.li\/?p=1675","title":{"rendered":"lie:zeit Ausgabe 27"},"content":{"rendered":"<p><iframe src=\"\/\/e.issuu.com\/embed.html#2861048\/8880699\" width=\"525\" height=\"344\" frameborder=\"0\" allowfullscreen=\"allowfullscreen\"><\/iframe><br \/>\n<b>Liebe Leserinnen,<br \/>\nliebe Leser <\/b><br \/>\nDie Sommerferienzeit neigt sich langsam dem Ende zu. Doch bevor wir die morgen- und abendliche Rush-Hour wieder in ihrem ganzen Ausmass erleben d\u00fcrfen, wird noch einmal richtig gefeiert. Unser Staatsfeiertag f\u00e4llt dieses Jahr gl\u00fccklicherweise auf einen Freitag, und sollte das Wetter mitspielen, darf man sich auf einen fr\u00f6hlichen Feier-Tag freuen. Neben Volksfest und Feuerwerk zieht besonders der von der F\u00fcrstenfamilie offerierte Aperitif im Rosengarten die Menschen von nah und fern an. Gerade f\u00fcr viele ausl\u00e4ndische Besucher stellt dieser Umtrunk ein spezielles Erlebnis dar, denn wo sonst kann mit einem Staatsoberhaupt so locker auf ein Bier zusammen kommen. Auch wenn manche Besucher \u00fcbereifrig am Buffet zulangen \u2013 der Tag ist schliesslich lang \u2013 und keine Bedenken haben, in verschwitztem Tank-Top eng neben F\u00fcrstin Marie f\u00fcr ein Foto zu posieren, zeigen sich die Gastgeber Jahr f\u00fcr Jahr in bester Laune. Fr\u00f6hlich, offen und warmherzig hat uns auch I.K.H. Erbrinzessin Sophie zum Interview empfangen und uns dabei einen Einblick in ihr Leben hinter den Schlossmauern gew\u00e4hrt. Lassen Sie sich vom sympathischen Lachen der Erbprinzessin anstecken und freuen sich auf den baldig gemeinsamen Ap\u00e9ro am 15. August.<br \/>\nDie Feierlaune vergangen ist vielen Liechtensteinerinnen und Liechtensteiner bei der j\u00fcngsten Diskussion \u00fcber einen m\u00f6glichen Gastauftritt beim n\u00e4chstj\u00e4hrigen Sechsel\u00e4uten in Z\u00fcrich. Die Aussicht, eine halbe Million quasi mit dem B\u00f6\u00f6gg zu verpuffen und das noch in harten Sparzeiten, war dann doch zu viel des Guten. Doch kaum ist die Absage an die Z\u00fcrcher erteilt, steht schon die n\u00e4chste Einladung f\u00fcr einen Gastauftritt an. Die St.Galler Regierung l\u00e4dt Liechtenstein ein, sich als Gastland an der OLMA 2016 zu pr\u00e4sentieren. Dies w\u00e4re der zweite Gastauftritt Liechtensteins an der beliebten Ostschweizer Messe. Wie die Regierung zu einer Teilnahme steht und mit welchen Kosten zu rechnen ist, lesen Sie in der polit:zeit.<br \/>\nVon einer nicht nur politischen, sondern auch privaten Seite zeigt sich der Balzner Vorsteher Arthur Brunhart in meine:zeit. Der vielseitig interessierte Balzner l\u00e4sst sich im Gespr\u00e4ch tief in die Karten schauen und weckt sogar bei Nicht-Historikern das Feuer f\u00fcr Geschichte. \u00dcber die Schultern haben wir auch f\u00fcnf jungen Musikern aus Liechtenstein geschaut, die mit ihrer Band \u00abVertigo\u00bb beim Talente-Preis 2014 in Vorarlberg f\u00fcr Furore gesorgt haben und nun eifrig an ihrer Karriere im Musikgesch\u00e4ft arbeiten.<br \/>\nIch w\u00fcnsche Ihnen viel Lesefreude und dazu einen sonnigen August!<br \/>\n&nbsp;<br \/>\nHerzliche Gr\u00fcsse aus der Redaktion<br \/>\nVerena Cort\u00e9s<\/p>\n","protected":false},"excerpt":{"rendered":"<p>Liebe Leserinnen, liebe Leser Die Sommerferienzeit neigt sich langsam dem Ende zu. Doch bevor wir die morgen- und abendliche Rush-Hour wieder in ihrem ganzen Ausmass erleben d\u00fcrfen, wird noch einmal richtig gefeiert. Unser Staatsfeiertag f\u00e4llt dieses Jahr gl\u00fccklicherweise auf einen Freitag, und sollte das Wetter mitspielen, darf man sich auf einen fr\u00f6hlichen Feier-Tag freuen. Neben Volksfest und Feuerwerk zieht besonders der von der F\u00fcrstenfamilie offerierte&#8230; <\/p>\n<p class=\"more\"><a class=\"more-link\" href=\"https:\/\/www.medienbuero.li\/?p=1675\">Read More<\/a><\/p>\n","protected":false},"author":1,"featured_media":1676,"comment_status":"closed","ping_status":"open","sticky":false,"template":"","format":"standard","meta":{"footnotes":""},"categories":[18,14,16],"tags":[31,62,70,85,86,110],"_links":{"self":[{"href":"https:\/\/www.medienbuero.li\/index.php?rest_route=\/wp\/v2\/posts\/1675"}],"collection":[{"href":"https:\/\/www.medienbuero.li\/index.php?rest_route=\/wp\/v2\/posts"}],"about":[{"href":"https:\/\/www.medienbuero.li\/index.php?rest_route=\/wp\/v2\/types\/post"}],"author":[{"embeddable":true,"href":"https:\/\/www.medienbuero.li\/index.php?rest_route=\/wp\/v2\/users\/1"}],"replies":[{"embeddable":true,"href":"https:\/\/www.medienbuero.li\/index.php?rest_route=%2Fwp%2Fv2%2Fcomments&post=1675"}],"version-history":[{"count":0,"href":"https:\/\/www.medienbuero.li\/index.php?rest_route=\/wp\/v2\/posts\/1675\/revisions"}],"wp:featuredmedia":[{"embeddable":true,"href":"https:\/\/www.medienbuero.li\/index.php?rest_route=\/wp\/v2\/media\/1676"}],"wp:attachment":[{"href":"https:\/\/www.medienbuero.li\/index.php?rest_route=%2Fwp%2Fv2%2Fmedia&parent=1675"}],"wp:term":[{"taxonomy":"category","embeddable":true,"href":"https:\/\/www.medienbuero.li\/index.php?rest_route=%2Fwp%2Fv2%2Fcategories&post=1675"},{"taxonomy":"post_tag","embeddable":true,"href":"https:\/\/www.medienbuero.li\/index.php?rest_route=%2Fwp%2Fv2%2Ftags&post=1675"}],"curies":[{"name":"wp","href":"https:\/\/api.w.org\/{rel}","templated":true}]}}