{"id":1642,"date":"2014-06-10T09:16:40","date_gmt":"2014-06-10T09:16:40","guid":{"rendered":"http:\/\/www.medienbuero.li\/?p=1642"},"modified":"2014-06-10T09:16:40","modified_gmt":"2014-06-10T09:16:40","slug":"liezeit-ausgabe-26","status":"publish","type":"post","link":"https:\/\/www.medienbuero.li\/?p=1642","title":{"rendered":"lie:zeit Ausgabe 26"},"content":{"rendered":"<p><iframe width=\"525\" height=\"344\" src=\"\/\/e.issuu.com\/embed.html#2861048\/8199950\" frameborder=\"0\" allowfullscreen><\/iframe><br \/>\n&nbsp;<br \/>\n<b>Liebe Leserinnen,<br \/>\nliebe Leser <\/b><br \/>\nDas Highlight des Sommers 2014 steht bevor! Die Fussball-Weltmeisterschaft in Brasilien setzt den Globus ab dem 12. Juni. wieder in Schwingung. F\u00fcr einen Monat ist das abendliche Programm gesetzt, die Bier-Bratwurst-Di\u00e4t im K\u00fchlschrank vorbereitet und die Mattscheibe darf hoch offiziell als Lebensmittelpunkt gefeiert werden. Dem WM-Fieber k\u00f6nnen sich nicht einmal die Fussball-Ignoranten entziehen, denn WM-Zeit ist Ausnahmezeit. Es ist die Zeit, in der man sich mit dem Chef im B\u00fcro \u00fcber ein Abseits streiten darf, es ist die Zeit, in der man seinem spanischen Nachbar um den Hals f\u00e4llt, wenn die Deutschen ein Tor kassieren und es ist die Zeit, in der der grosse Ball etwas kleiner und runder scheint, wie sonst. Und wenn sich dann noch die Lebensfreude und das Feuer von Brasilien durch die Gassen Liechtensteins schleicht und sich auf der WM-Meile im St\u00e4dtle b\u00fcndelt, dann d\u00fcrfen wir uns alle auf einen heissen Sommerstart freuen. Bleiben Sie am Ball mit unserem Spielplan und lassen Sie sich von unserer Titelstory auf die WM-Zeit einstimmen. Auf dem gesundheitspolitischen Rasen wird ebenfalls mit harten Bandagen gek\u00e4mpft. W\u00e4hrend sich Regierungsrat Mauro Pedrazzini auf den Standpunkt stellt, dass die bei uns erbrachten Leistungen insgesamt nicht teurer zustehen kommen sollten, als wenn sie in der Schweiz abgerechnet werden, verteidigt die \u00c4rztekammerpr\u00e4sidentin Ruth Kranz-Candrian den FL-Tarif und argumentiert, dass der FL-Tarif gegen\u00fcber dem Tarmed bewusst so gestaltet wurde, um den Grundversorger finanziell zu st\u00e4rken. Tarmed, ein finanzieller Treffer oder ein Foul an der Grundversorgung? Fragen und Antworten finden Sie in der polit:zeit. Wer heutzutage einen Aufstieg oder ein Wiedereinstieg auf dem beruflichen Feld plant, kommt um das Thema Weiterbildung nicht herum. Das Motto \u00abam Ball bleiben\u00bb hat sich schon l\u00e4ngst in der Berufswelt verankert und der Weiterbildungsmarkt boomt. Die M\u00f6glichkeiten und Angebote sind schier unendlich. Ob Kurse, Abendschule oder modulhafte Lehrg\u00e4nge \u2013 praktisch f\u00fcr alles kann ein Diplom oder Zertifikat gemacht werden. Wie man sich im Weiterbildungsdschungel nicht verliert und wie man sicherstellt, dass man die richtige Weiterbildung w\u00e4hlt, lesen Sie in meine:zeit. Mit der Juni Ausgabe der lie:zeit w\u00fcnschen wir Ihnen allen eine fantastische Sommerzeit. Die lie:zeit macht eine kurze Sommerpause und erscheint am 9. August 2014 wieder. Bis dahin erfreuen Sie sich an strammen Fussballwaden und haben Sie eine gute Ferienzeit! Tsch\u00fcss, wir lesen uns im August!<br \/>\nVerena Cort\u00e9s<br \/>\nRedaktion<br \/>\n&nbsp;<\/p>\n","protected":false},"excerpt":{"rendered":"<p>&nbsp; Liebe Leserinnen, liebe Leser Das Highlight des Sommers 2014 steht bevor! Die Fussball-Weltmeisterschaft in Brasilien setzt den Globus ab dem 12. Juni. wieder in Schwingung. F\u00fcr einen Monat ist das abendliche Programm gesetzt, die Bier-Bratwurst-Di\u00e4t im K\u00fchlschrank vorbereitet und die Mattscheibe darf hoch offiziell als Lebensmittelpunkt gefeiert werden. Dem WM-Fieber k\u00f6nnen sich nicht einmal die Fussball-Ignoranten entziehen, denn WM-Zeit ist Ausnahmezeit. Es ist die&#8230; <\/p>\n<p class=\"more\"><a class=\"more-link\" href=\"https:\/\/www.medienbuero.li\/?p=1642\">Read More<\/a><\/p>\n","protected":false},"author":1,"featured_media":1643,"comment_status":"closed","ping_status":"open","sticky":false,"template":"","format":"standard","meta":{"footnotes":""},"categories":[18,14,16],"tags":[31,62,70,85,86,110],"_links":{"self":[{"href":"https:\/\/www.medienbuero.li\/index.php?rest_route=\/wp\/v2\/posts\/1642"}],"collection":[{"href":"https:\/\/www.medienbuero.li\/index.php?rest_route=\/wp\/v2\/posts"}],"about":[{"href":"https:\/\/www.medienbuero.li\/index.php?rest_route=\/wp\/v2\/types\/post"}],"author":[{"embeddable":true,"href":"https:\/\/www.medienbuero.li\/index.php?rest_route=\/wp\/v2\/users\/1"}],"replies":[{"embeddable":true,"href":"https:\/\/www.medienbuero.li\/index.php?rest_route=%2Fwp%2Fv2%2Fcomments&post=1642"}],"version-history":[{"count":0,"href":"https:\/\/www.medienbuero.li\/index.php?rest_route=\/wp\/v2\/posts\/1642\/revisions"}],"wp:featuredmedia":[{"embeddable":true,"href":"https:\/\/www.medienbuero.li\/index.php?rest_route=\/wp\/v2\/media\/1643"}],"wp:attachment":[{"href":"https:\/\/www.medienbuero.li\/index.php?rest_route=%2Fwp%2Fv2%2Fmedia&parent=1642"}],"wp:term":[{"taxonomy":"category","embeddable":true,"href":"https:\/\/www.medienbuero.li\/index.php?rest_route=%2Fwp%2Fv2%2Fcategories&post=1642"},{"taxonomy":"post_tag","embeddable":true,"href":"https:\/\/www.medienbuero.li\/index.php?rest_route=%2Fwp%2Fv2%2Ftags&post=1642"}],"curies":[{"name":"wp","href":"https:\/\/api.w.org\/{rel}","templated":true}]}}