{"id":1637,"date":"2014-06-10T09:07:09","date_gmt":"2014-06-10T09:07:09","guid":{"rendered":"http:\/\/www.medienbuero.li\/?p=1637"},"modified":"2014-06-10T09:07:09","modified_gmt":"2014-06-10T09:07:09","slug":"bauzeit-ausgabe-26","status":"publish","type":"post","link":"https:\/\/www.medienbuero.li\/?p=1637","title":{"rendered":"bau:zeit Ausgabe 26"},"content":{"rendered":"<p><iframe width=\"525\" height=\"344\" src=\"\/\/e.issuu.com\/embed.html#2861048\/8199937\" frameborder=\"0\" allowfullscreen><\/iframe>&nbsp;<br \/>\n<strong>Liebe bau:zeit-Leserin\u00a0<\/strong><br \/>\n<strong>Lieber bau:zeit-Leser<\/strong><br \/>\nDer zweite Baustellentag von 100pro!, Berufsbildung Liechtenstein, dem Baumeisterverband Liechtenstein und dem Amt f\u00fcr Bau und Infrastruktur fand auf dem Areal des Pumpspeicherkraftwerks Samina sehr grossen Anklang. Die zahlreichen Besucherinnen und Besucher wurden mit einem attraktiven Rahmenprogramm verw\u00f6hnt und nutzten die Gelegenheit, dem WorldSkills-Teilnehmer 2015 in Brasilien, Christoph Sele, \u00fcber die Schulter zu schauen. Sein Lehrbetrieb, Jonny Sele AG, Baugesch\u00e4ft Triesenberg, darf stolz auf diesen jungen, strebsamen Berufsmann sein. Die Walser-Gemeinde Triesenberg nimmt im Ensemble der elf Liechtensteiner Gemeinden eine besondere Stellung ein, da zu ihrem Hoheitsgebiet mit dem Malbun, Steg, Masescha und Gaflei in n\u00e4chster N\u00e4he ein beliebtes Ferien- und Naherholungsgebiet z\u00e4hlt. Gemeindevorsteher Hubert Sele hebt die Bedeutung des sanften, nachhaltigen Tourismus f\u00fcr die Gemeinde Triesenberg hervor und zeigt auf, was die Gemeinde Triesenberg f\u00fcr ein attraktives Alpengebiet alles unternimmt. Wenn wir schon im Alpengebiet sind, stellen wir Ihnen das neu sa- nierte Jugendhaus Malbun vor, das \u2013 wie Liechtensteins Infrastruktur-Ministerin Marlies Amann-Marxer dies treffend ausdr\u00fcckt \u2013 an alpinem Charme gewonnen hat.<br \/>\nViel Spass bei der Lekt\u00fcre w\u00fcnscht Ihnen das bau:zeit-Team<br \/>\n<span style=\"line-height: 1.5em;\">Johannes Kaiser<\/span><\/p>\n","protected":false},"excerpt":{"rendered":"<p>&nbsp; Liebe bau:zeit-Leserin\u00a0 Lieber bau:zeit-Leser Der zweite Baustellentag von 100pro!, Berufsbildung Liechtenstein, dem Baumeisterverband Liechtenstein und dem Amt f\u00fcr Bau und Infrastruktur fand auf dem Areal des Pumpspeicherkraftwerks Samina sehr grossen Anklang. Die zahlreichen Besucherinnen und Besucher wurden mit einem attraktiven Rahmenprogramm verw\u00f6hnt und nutzten die Gelegenheit, dem WorldSkills-Teilnehmer 2015 in Brasilien, Christoph Sele, \u00fcber die Schulter zu schauen. Sein Lehrbetrieb, Jonny Sele AG, Baugesch\u00e4ft&#8230; <\/p>\n<p class=\"more\"><a class=\"more-link\" href=\"https:\/\/www.medienbuero.li\/?p=1637\">Read More<\/a><\/p>\n","protected":false},"author":1,"featured_media":1638,"comment_status":"closed","ping_status":"open","sticky":false,"template":"","format":"standard","meta":{"footnotes":""},"categories":[13,18,16],"tags":[30,70,85,86,110],"_links":{"self":[{"href":"https:\/\/www.medienbuero.li\/index.php?rest_route=\/wp\/v2\/posts\/1637"}],"collection":[{"href":"https:\/\/www.medienbuero.li\/index.php?rest_route=\/wp\/v2\/posts"}],"about":[{"href":"https:\/\/www.medienbuero.li\/index.php?rest_route=\/wp\/v2\/types\/post"}],"author":[{"embeddable":true,"href":"https:\/\/www.medienbuero.li\/index.php?rest_route=\/wp\/v2\/users\/1"}],"replies":[{"embeddable":true,"href":"https:\/\/www.medienbuero.li\/index.php?rest_route=%2Fwp%2Fv2%2Fcomments&post=1637"}],"version-history":[{"count":0,"href":"https:\/\/www.medienbuero.li\/index.php?rest_route=\/wp\/v2\/posts\/1637\/revisions"}],"wp:featuredmedia":[{"embeddable":true,"href":"https:\/\/www.medienbuero.li\/index.php?rest_route=\/wp\/v2\/media\/1638"}],"wp:attachment":[{"href":"https:\/\/www.medienbuero.li\/index.php?rest_route=%2Fwp%2Fv2%2Fmedia&parent=1637"}],"wp:term":[{"taxonomy":"category","embeddable":true,"href":"https:\/\/www.medienbuero.li\/index.php?rest_route=%2Fwp%2Fv2%2Fcategories&post=1637"},{"taxonomy":"post_tag","embeddable":true,"href":"https:\/\/www.medienbuero.li\/index.php?rest_route=%2Fwp%2Fv2%2Ftags&post=1637"}],"curies":[{"name":"wp","href":"https:\/\/api.w.org\/{rel}","templated":true}]}}