{"id":1552,"date":"2014-02-06T15:10:17","date_gmt":"2014-02-06T15:10:17","guid":{"rendered":"http:\/\/www.medienbuero.li\/?p=1552"},"modified":"2014-02-06T15:10:17","modified_gmt":"2014-02-06T15:10:17","slug":"bauzeit-ausgabe-22","status":"publish","type":"post","link":"https:\/\/www.medienbuero.li\/?p=1552","title":{"rendered":"bau:zeit Ausgabe 22"},"content":{"rendered":"<div data-configid=\"2861048\/6630455\" style=\"width: 525px; height: 480px;\" class=\"issuuembed\"><\/div>\n<p><script type=\"text\/javascript\" src=\"\/\/e.issuu.com\/embed.js\" async=\"true\"><\/script>&nbsp;<br \/>\n<b>Liebe bau:zeit-Leserin<\/b><br \/>\n<b>Lieber bau:zeit-Leser<\/b><br \/>\nBauen und Sanieren h\u00e4ngt sehr eng mit energetischen Fragen zusammen. Die Energiefachstelle Liechtenstein ist die zentrale und kompetente Anlaufstelle rund um energieeffizientes Bauen, Sanieren, Wohnen und Leben. Wie die W\u00e4rmed\u00e4mmung bei bestehenden Bauten intensiviert werden kann, erfahren Sie von der Energiefachstelle \u00abSchluss mit frieren \u2013 ziehen Sie ihrem Haus eine Jacke an!\u00bb<br \/>\n<!--more--><br \/>\nIm Interview mit dem Vorsteher der Gemeinde Balzers, Arthur Brunhart, lesen Sie, wie die s\u00fcdlichste Gemeinde ihren Lebensraum gestaltet und welche Herausforderungen im Bereich des Wohnraums f\u00fcr k\u00fcnftige Generationen sowie im Bereich der Energiestadt bevorstehen.<br \/>\nDie wirtschaftlichen Rahmenbedingungen st\u00e4rken und den Handel im Dorf zu beleben, war das Thema des Unternehmerap\u00e9ros der Gemeinde Eschen. bau:zeit ging der Frage nach, welche Ziele dabei im Fokus standen und wie diese umgesetzt werden.<br \/>\nH\u00f6chst informativ sind die Projektpr\u00e4sentationen\u00a0 des neuen modernen Gesch\u00e4ftshauses \u00abLehner Akustik AG\u00bb in Maienfeld sowie die attraktive Gestaltung der Aussenanlagen der Ivoclar Vivadent in Schaan.<br \/>\nEine interessante Lekt\u00fcre w\u00fcnscht Ihnen<br \/>\nJohannes Kaiser, Redaktionsleiter<\/p>\n","protected":false},"excerpt":{"rendered":"<p>&nbsp; Liebe bau:zeit-Leserin Lieber bau:zeit-Leser Bauen und Sanieren h\u00e4ngt sehr eng mit energetischen Fragen zusammen. Die Energiefachstelle Liechtenstein ist die zentrale und kompetente Anlaufstelle rund um energieeffizientes Bauen, Sanieren, Wohnen und Leben. Wie die W\u00e4rmed\u00e4mmung bei bestehenden Bauten intensiviert werden kann, erfahren Sie von der Energiefachstelle \u00abSchluss mit frieren \u2013 ziehen Sie ihrem Haus eine Jacke an!\u00bb<\/p>\n","protected":false},"author":1,"featured_media":1555,"comment_status":"closed","ping_status":"open","sticky":false,"template":"","format":"standard","meta":{"footnotes":""},"categories":[13,18,16],"tags":[],"_links":{"self":[{"href":"https:\/\/www.medienbuero.li\/index.php?rest_route=\/wp\/v2\/posts\/1552"}],"collection":[{"href":"https:\/\/www.medienbuero.li\/index.php?rest_route=\/wp\/v2\/posts"}],"about":[{"href":"https:\/\/www.medienbuero.li\/index.php?rest_route=\/wp\/v2\/types\/post"}],"author":[{"embeddable":true,"href":"https:\/\/www.medienbuero.li\/index.php?rest_route=\/wp\/v2\/users\/1"}],"replies":[{"embeddable":true,"href":"https:\/\/www.medienbuero.li\/index.php?rest_route=%2Fwp%2Fv2%2Fcomments&post=1552"}],"version-history":[{"count":0,"href":"https:\/\/www.medienbuero.li\/index.php?rest_route=\/wp\/v2\/posts\/1552\/revisions"}],"wp:featuredmedia":[{"embeddable":true,"href":"https:\/\/www.medienbuero.li\/index.php?rest_route=\/wp\/v2\/media\/1555"}],"wp:attachment":[{"href":"https:\/\/www.medienbuero.li\/index.php?rest_route=%2Fwp%2Fv2%2Fmedia&parent=1552"}],"wp:term":[{"taxonomy":"category","embeddable":true,"href":"https:\/\/www.medienbuero.li\/index.php?rest_route=%2Fwp%2Fv2%2Fcategories&post=1552"},{"taxonomy":"post_tag","embeddable":true,"href":"https:\/\/www.medienbuero.li\/index.php?rest_route=%2Fwp%2Fv2%2Ftags&post=1552"}],"curies":[{"name":"wp","href":"https:\/\/api.w.org\/{rel}","templated":true}]}}