{"id":1550,"date":"2014-02-06T15:12:55","date_gmt":"2014-02-06T15:12:55","guid":{"rendered":"http:\/\/www.medienbuero.li\/?p=1550"},"modified":"2014-02-06T15:12:55","modified_gmt":"2014-02-06T15:12:55","slug":"liezeit-ausgabe-22","status":"publish","type":"post","link":"https:\/\/www.medienbuero.li\/?p=1550","title":{"rendered":"lie:zeit Ausgabe 22"},"content":{"rendered":"<div data-configid=\"2861048\/6630530\" style=\"width: 525px; height: 715px;\" class=\"issuuembed\"><\/div>\n<p><script type=\"text\/javascript\" src=\"\/\/e.issuu.com\/embed.js\" async=\"true\"><\/script>&nbsp;<br \/>\n<b>Liebe Leserinnen,\u00a0<\/b><br \/>\n<b>liebe Leser\u00a0<\/b><br \/>\nIn der ersten Ausgabe des Jahres 2014 der Monatszeitschrift lie:zeit hat uns unser Landesf\u00fcrst ein Interview gew\u00e4hrt, das sich mit aktuellen Fragen der liechtensteinischen Politik auseinandersetzt. Auch das Interview mit Regierungschef Adrian Hasler ist h\u00f6chst interessant. Er erkl\u00e4rt u.a. auch seinen Kommunikationsstil, der sich von jenem seiner Vorg\u00e4nger in wesentlichen Punkten unterscheidet. Ein weiteres Thema: Wie stehen die vier im Landtag vertretenen Parteien zur Initiative \u00fcber die Herabsetzung der heute geltenden Sperrklausel von acht Prozent?<br \/>\n<!--more--><br \/>\nDie Olympischen Winterspiele in Sotschi, die an diesem Wochenende begonnen haben, bilden den Schwerpunkt des Sportgeschehens. Lesen Sie dazu die Interviews, die wir mit unseren Olympioniken gef\u00fchrt haben.<br \/>\nAm 14. Februar ist Valentinstag, der Tag der Liebenden. Wir haben Verliebte befragt, wie sie diesen besonderen Tag begehen werden. Der Eschner G\u00fcnther Wohlwend machte sich einen klingenden Namen nicht bloss wegen seines Engagements als Politiker, sondern vor allem auch als langj\u00e4hriger Lihga-Chef. Er erz\u00e4hlt uns aus seinem Leben.<br \/>\nKennen Sie Geo-Caching? \u2013 Es ist eine weltweit verbreitete und tolle Freizeitbesch\u00e4ftigung, die auch in unseren Gefilden von immer mehr Personen ausge\u00fcbt wird. Mehr dar\u00fcber erz\u00e4hlt uns Ren\u00e9 Baumgartner.\u00a0 Ein Hobby anderer Art betreibt Elwin Hasler aus Gamprin. Er ist leidenschaftlicher Sammler von Oldtimer, die er mit viel Liebe und Geschick als wirkliche Prachtst\u00fccke neu entstehen l\u00e4sst.\u00a0 Dabei kommen ihm seine im Familienbetrieb M\u00f6bel Hasler angeeigneten F\u00e4higkeiten als Berufsmann sehr zustatten.<br \/>\nDer urchige Metzger Gustav Kaufmann (95) z\u00e4hlt in unserem Land zu den schillerndsten Pers\u00f6nlichkeiten, der erz\u00e4hlen kann wie kaum ein anderer. Er ist ein Kind aus l\u00e4ngst vergangenen Zeiten, als Liechtenstein noch ein armes Land war. Geboren am Ende des 1. Weltkrieges lernte er die Entbehrungen jener Zeit am eigenen Leib kennen. Er wollte eigentlich Jurist werden, aber das Geld f\u00fcr das Studium fehlte. So wurde er auf Vorschlag eines Holzf\u00e4llers Metzger. Seine Tochter hat ihn zu seinem 90. Geburtstag \u00fcber seine entbehrungsreiche Jugendzeit befragt.<br \/>\n&nbsp;<br \/>\nIn diesem Sinne w\u00fcnsche ich euch eine spannende Lekt\u00fcre und sage tsch\u00fcss bis zur M\u00e4rz-Ausgabe,<br \/>\nIhr Herbert Oehri<br \/>\n&nbsp;<\/p>\n","protected":false},"excerpt":{"rendered":"<p>&nbsp; Liebe Leserinnen,\u00a0 liebe Leser\u00a0 In der ersten Ausgabe des Jahres 2014 der Monatszeitschrift lie:zeit hat uns unser Landesf\u00fcrst ein Interview gew\u00e4hrt, das sich mit aktuellen Fragen der liechtensteinischen Politik auseinandersetzt. Auch das Interview mit Regierungschef Adrian Hasler ist h\u00f6chst interessant. Er erkl\u00e4rt u.a. auch seinen Kommunikationsstil, der sich von jenem seiner Vorg\u00e4nger in wesentlichen Punkten unterscheidet. Ein weiteres Thema: Wie stehen die vier im&#8230; <\/p>\n<p class=\"more\"><a class=\"more-link\" href=\"https:\/\/www.medienbuero.li\/?p=1550\">Read More<\/a><\/p>\n","protected":false},"author":1,"featured_media":1556,"comment_status":"closed","ping_status":"open","sticky":false,"template":"","format":"standard","meta":{"footnotes":""},"categories":[18,14,16],"tags":[],"_links":{"self":[{"href":"https:\/\/www.medienbuero.li\/index.php?rest_route=\/wp\/v2\/posts\/1550"}],"collection":[{"href":"https:\/\/www.medienbuero.li\/index.php?rest_route=\/wp\/v2\/posts"}],"about":[{"href":"https:\/\/www.medienbuero.li\/index.php?rest_route=\/wp\/v2\/types\/post"}],"author":[{"embeddable":true,"href":"https:\/\/www.medienbuero.li\/index.php?rest_route=\/wp\/v2\/users\/1"}],"replies":[{"embeddable":true,"href":"https:\/\/www.medienbuero.li\/index.php?rest_route=%2Fwp%2Fv2%2Fcomments&post=1550"}],"version-history":[{"count":0,"href":"https:\/\/www.medienbuero.li\/index.php?rest_route=\/wp\/v2\/posts\/1550\/revisions"}],"wp:featuredmedia":[{"embeddable":true,"href":"https:\/\/www.medienbuero.li\/index.php?rest_route=\/wp\/v2\/media\/1556"}],"wp:attachment":[{"href":"https:\/\/www.medienbuero.li\/index.php?rest_route=%2Fwp%2Fv2%2Fmedia&parent=1550"}],"wp:term":[{"taxonomy":"category","embeddable":true,"href":"https:\/\/www.medienbuero.li\/index.php?rest_route=%2Fwp%2Fv2%2Fcategories&post=1550"},{"taxonomy":"post_tag","embeddable":true,"href":"https:\/\/www.medienbuero.li\/index.php?rest_route=%2Fwp%2Fv2%2Ftags&post=1550"}],"curies":[{"name":"wp","href":"https:\/\/api.w.org\/{rel}","templated":true}]}}