{"id":1487,"date":"2013-12-11T08:08:47","date_gmt":"2013-12-11T08:08:47","guid":{"rendered":"http:\/\/www.medienbuero.li\/?p=1487"},"modified":"2013-12-11T08:08:47","modified_gmt":"2013-12-11T08:08:47","slug":"verkauf-usv-jubilaeumsbuch-1963-2013","status":"publish","type":"post","link":"https:\/\/www.medienbuero.li\/?p=1487","title":{"rendered":"Verkauf: USV Jubil\u00e4umsbuch (1963 &#8211; 2013)"},"content":{"rendered":"<p><a href=\"http:\/\/www.medienbuero.li\/wp-content\/uploads\/2013\/12\/7U4I1793.jpg\"><img fetchpriority=\"high\" decoding=\"async\" class=\"alignleft  wp-image-1491\" alt=\"7U4I1793\" src=\"http:\/\/www.medienbuero.li\/wp-content\/uploads\/2013\/12\/7U4I1793.jpg\" width=\"539\" height=\"407\" srcset=\"https:\/\/www.medienbuero.li\/wp-content\/uploads\/2013\/12\/7U4I1793.jpg 1000w, https:\/\/www.medienbuero.li\/wp-content\/uploads\/2013\/12\/7U4I1793-300x227.jpg 300w, https:\/\/www.medienbuero.li\/wp-content\/uploads\/2013\/12\/7U4I1793-768x580.jpg 768w, https:\/\/www.medienbuero.li\/wp-content\/uploads\/2013\/12\/7U4I1793-550x415.jpg 550w, https:\/\/www.medienbuero.li\/wp-content\/uploads\/2013\/12\/7U4I1793-662x500.jpg 662w\" sizes=\"(max-width: 539px) 100vw, 539px\" \/><\/a><\/p>\n<h1>USV \u2013 Jubil\u00e4umsbuch (1963-2013)<\/h1>\n<p>&nbsp;<br \/>\nDer USV feierte in diesem Jahr sein 50-j\u00e4hriges Bestandsjubil\u00e4um. Aus diesem Anlass hat er eine Chronik herausgegeben, die alle Jahrzehnte seit der Gr\u00fcndung in Wort und Bild wiedergibt. Ein empfehlenswertes Werk f\u00fcr die Gegenwart und f\u00fcr die sp\u00e4teren Generationen, mit insgesamt mehr als 100 Bildern: Umfang 140 Seiten, Vierfarbendruck mit Deckeleinband.<br \/>\n<strong>Limitierte Auflage von 500 Exemplaren.<\/strong><br \/>\nSpezieller Verkaufspreis\u00a0\u2013\u00a0ein ideales Weihnachtsgeschenk f\u00fcr USV-Freunde, -Familien und USV-Sympathisanten.<br \/>\n<b>Abholpreis <\/b>\u00a0\u00a0\u00a0CHF 36.\u2013<br \/>\n<b>Zustellung per Post<\/b> CHF 44.\u2013 inkl. Versandspesen<br \/>\n<b>Bezug- und Abholadresse:<\/b><\/p>\n<h4><span style=\"font-size: 1em;\">Medienbuero AG, Essanestrasse 116, 9492 Eschen \u2013\u00a0 T. 00423 375 9000 \u2013 E-Mail: <\/span><a style=\"font-size: 1em;\" href=\"mailto:info@medienbuero.li\">info@medienbuero.li<\/a><\/h4>\n<p><a href=\"http:\/\/www.medienbuero.li\/wp-content\/uploads\/2013\/12\/7U4I1805.jpg\"><img decoding=\"async\" class=\"alignleft  wp-image-1490\" alt=\"7U4I1805\" src=\"http:\/\/www.medienbuero.li\/wp-content\/uploads\/2013\/12\/7U4I1805.jpg\" width=\"539\" height=\"276\" srcset=\"https:\/\/www.medienbuero.li\/wp-content\/uploads\/2013\/12\/7U4I1805.jpg 1000w, https:\/\/www.medienbuero.li\/wp-content\/uploads\/2013\/12\/7U4I1805-300x154.jpg 300w, https:\/\/www.medienbuero.li\/wp-content\/uploads\/2013\/12\/7U4I1805-768x394.jpg 768w, https:\/\/www.medienbuero.li\/wp-content\/uploads\/2013\/12\/7U4I1805-550x282.jpg 550w, https:\/\/www.medienbuero.li\/wp-content\/uploads\/2013\/12\/7U4I1805-975x500.jpg 975w\" sizes=\"(max-width: 539px) 100vw, 539px\" \/><\/a><\/p>\n","protected":false},"excerpt":{"rendered":"<p>USV \u2013 Jubil\u00e4umsbuch (1963-2013) &nbsp; Der USV feierte in diesem Jahr sein 50-j\u00e4hriges Bestandsjubil\u00e4um. Aus diesem Anlass hat er eine Chronik herausgegeben, die alle Jahrzehnte seit der Gr\u00fcndung in Wort und Bild wiedergibt. Ein empfehlenswertes Werk f\u00fcr die Gegenwart und f\u00fcr die sp\u00e4teren Generationen, mit insgesamt mehr als 100 Bildern: Umfang 140 Seiten, Vierfarbendruck mit Deckeleinband. Limitierte Auflage von 500 Exemplaren. Spezieller Verkaufspreis\u00a0\u2013\u00a0ein ideales Weihnachtsgeschenk&#8230; <\/p>\n<p class=\"more\"><a class=\"more-link\" href=\"https:\/\/www.medienbuero.li\/?p=1487\">Read More<\/a><\/p>\n","protected":false},"author":1,"featured_media":1490,"comment_status":"closed","ping_status":"open","sticky":false,"template":"","format":"standard","meta":{"footnotes":""},"categories":[18,19,16,17],"tags":[58,101,103],"_links":{"self":[{"href":"https:\/\/www.medienbuero.li\/index.php?rest_route=\/wp\/v2\/posts\/1487"}],"collection":[{"href":"https:\/\/www.medienbuero.li\/index.php?rest_route=\/wp\/v2\/posts"}],"about":[{"href":"https:\/\/www.medienbuero.li\/index.php?rest_route=\/wp\/v2\/types\/post"}],"author":[{"embeddable":true,"href":"https:\/\/www.medienbuero.li\/index.php?rest_route=\/wp\/v2\/users\/1"}],"replies":[{"embeddable":true,"href":"https:\/\/www.medienbuero.li\/index.php?rest_route=%2Fwp%2Fv2%2Fcomments&post=1487"}],"version-history":[{"count":0,"href":"https:\/\/www.medienbuero.li\/index.php?rest_route=\/wp\/v2\/posts\/1487\/revisions"}],"wp:featuredmedia":[{"embeddable":true,"href":"https:\/\/www.medienbuero.li\/index.php?rest_route=\/wp\/v2\/media\/1490"}],"wp:attachment":[{"href":"https:\/\/www.medienbuero.li\/index.php?rest_route=%2Fwp%2Fv2%2Fmedia&parent=1487"}],"wp:term":[{"taxonomy":"category","embeddable":true,"href":"https:\/\/www.medienbuero.li\/index.php?rest_route=%2Fwp%2Fv2%2Fcategories&post=1487"},{"taxonomy":"post_tag","embeddable":true,"href":"https:\/\/www.medienbuero.li\/index.php?rest_route=%2Fwp%2Fv2%2Ftags&post=1487"}],"curies":[{"name":"wp","href":"https:\/\/api.w.org\/{rel}","templated":true}]}}