{"id":1368,"date":"2013-08-12T11:43:15","date_gmt":"2013-08-12T11:43:15","guid":{"rendered":"http:\/\/www.medienbuero.li\/?p=1368"},"modified":"2013-08-12T11:43:15","modified_gmt":"2013-08-12T11:43:15","slug":"bauzeit-ausgabe-17-online","status":"publish","type":"post","link":"https:\/\/www.medienbuero.li\/?p=1368","title":{"rendered":"bau:zeit Ausgabe 17 online"},"content":{"rendered":"<p>Liebe bau:zeit-Leserin<br \/>\nLieber bau:zeit-Leser<br \/>\nNicht alle Einwohnerinnen und Einwohner haben ein Dach zur Verf\u00fcgung, um mit der Nutzung von erneuerbaren Energien einen klimafreundlichen Beitrag zu leisten. Als erste Gemeinde Liechtensteins bietet Mauren-Schaanwald ihrer Einwohnerschaft in Kooperation mit den LKW die M\u00f6glichkeit, in den Besitz von pers\u00f6nlichen Sonnenstrom-Anteilscheinen zu gelangen. Die \u00abSonnenSchein\u00bb-Zeichner profitieren durch diese Beteiligung an einer Gemeinschafts-Fotovoltaikanlage, denn der pers\u00f6nliche generierte Sonnenstrom wird auf der Stromrechnung durch die LKW gutgeschrieben.<br \/>\nWir pr\u00e4sentieren Ihnen mit dem Mehrfamilienhaus der Annagh Est. und dem B\u00fcrohaus Marxer Immobilien in Vaduz, der Generalsanierung des Tennishauses Dux in Schaan sowie der neuen Kindertagesst\u00e4tte der Hilti Aktiengesellschaft in Schaan drei interessante sowie von der Funktion her v\u00f6llig verschiedene Bauvorhaben. Ebenfalls lassen wir die \u00abMacher\u00bb dieser innovativen und modernen Projekte zu Wort kommen.<br \/>\nIm Weiteren zeigt Ihnen die Energiefachstelle Liechtenstein auf, wie bei der Erneuerung von Haustechnikanlagen eine deutliche CO<sub>2<\/sub>-Reduktion erreicht und F\u00f6rdermassnahmen beansprucht werden k\u00f6nnen. Von Interesse ist sicherlich auch der Blick hinter die Kulissen der derzeitigen Bauarbeiten beim Industriezubringer Schaan sowie die Grundsteinlegung des Bauprojektes STABIQ im Wirtschaftspark in Eschen.<br \/>\nViel Spass bei der Lekt\u00fcre w\u00fcnscht Ihnen<br \/>\nJohannes Kaiser<br \/>\nRedaktionsleiter<br \/>\n<iframe src=\"\/\/e.issuu.com\/embed.html#2861048\/4383913\" height=\"350\" width=\"580\" allowfullscreen=\"\" frameborder=\"0\"><\/iframe><\/p>\n","protected":false},"excerpt":{"rendered":"<p>Liebe bau:zeit-Leserin<br \/>\nLieber bau:zeit-Leser<br \/>\nNicht alle Einwohnerinnen und Einwohner haben ein Dach zur Verf\u00fcgung, um mit der Nutzung von erneuerbaren Energien einen klimafreundlichen Beitrag zu leisten. Als erste Gemeinde Liechtensteins bietet Mauren-Schaanwald ihrer Einwohnerschaft in Kooperation mit den LKW die M\u00f6glichkeit, in den Besitz von pers\u00f6nlichen Sonnenstrom-Anteilscheinen zu gelangen. Die \u00abSonnenSchein\u00bb-Zeichner profitieren durch diese Beteiligung an einer Gemeinschafts-Fotovoltaikanlage, denn der pers\u00f6nliche generierte Sonnenstrom wird auf der Stromrechnung durch die LKW gutgeschrieben.<\/p>\n","protected":false},"author":1,"featured_media":1362,"comment_status":"closed","ping_status":"open","sticky":false,"template":"","format":"standard","meta":{"footnotes":""},"categories":[13,18],"tags":[30,31,85,86,110],"_links":{"self":[{"href":"https:\/\/www.medienbuero.li\/index.php?rest_route=\/wp\/v2\/posts\/1368"}],"collection":[{"href":"https:\/\/www.medienbuero.li\/index.php?rest_route=\/wp\/v2\/posts"}],"about":[{"href":"https:\/\/www.medienbuero.li\/index.php?rest_route=\/wp\/v2\/types\/post"}],"author":[{"embeddable":true,"href":"https:\/\/www.medienbuero.li\/index.php?rest_route=\/wp\/v2\/users\/1"}],"replies":[{"embeddable":true,"href":"https:\/\/www.medienbuero.li\/index.php?rest_route=%2Fwp%2Fv2%2Fcomments&post=1368"}],"version-history":[{"count":0,"href":"https:\/\/www.medienbuero.li\/index.php?rest_route=\/wp\/v2\/posts\/1368\/revisions"}],"wp:featuredmedia":[{"embeddable":true,"href":"https:\/\/www.medienbuero.li\/index.php?rest_route=\/wp\/v2\/media\/1362"}],"wp:attachment":[{"href":"https:\/\/www.medienbuero.li\/index.php?rest_route=%2Fwp%2Fv2%2Fmedia&parent=1368"}],"wp:term":[{"taxonomy":"category","embeddable":true,"href":"https:\/\/www.medienbuero.li\/index.php?rest_route=%2Fwp%2Fv2%2Fcategories&post=1368"},{"taxonomy":"post_tag","embeddable":true,"href":"https:\/\/www.medienbuero.li\/index.php?rest_route=%2Fwp%2Fv2%2Ftags&post=1368"}],"curies":[{"name":"wp","href":"https:\/\/api.w.org\/{rel}","templated":true}]}}