{"id":1314,"date":"2013-06-10T14:49:48","date_gmt":"2013-06-10T14:49:48","guid":{"rendered":"http:\/\/www.medienbuero.li\/?p=1314"},"modified":"2013-06-10T14:49:48","modified_gmt":"2013-06-10T14:49:48","slug":"liezeit-ausgabe-16","status":"publish","type":"post","link":"https:\/\/www.medienbuero.li\/?p=1314","title":{"rendered":"lie:zeit Ausgabe 16"},"content":{"rendered":"<p><b>Liebe Leserinnen,\u00a0<\/b><br \/>\n<b>liebe Leser\u00a0<\/b><br \/>\n&nbsp;<br \/>\nIn der landespolitischen Szene beherrschen derzeit insbesondere der Pensionskassa-Skandal der Staatsangestellten, die Sparbem\u00fchungen an allen Fronten und der geplatzte Telecom\/Swisscom-Deal die Agenden. W\u00e4hrend beim Telecom\/Swiss-Deal nach einer mehrst\u00fcndigen Debatte der Landtag mit 13:12 Stimmen das Eintreten auf die Vorlage verweigerte und damit der Regierung gar keine Chance liess, die Sachlage aus ihrer Sicht zu erl\u00e4utern, geht es beim 300-Millionen-Loch in der Pensionskasse um viel mehr. Hier d\u00fcrfte es zu einer Volksabstimmung kommen.<br \/>\nAuch die Agenda \u00abEntflechtung Kirche und Staat\u00bb ist noch nicht vom Tisch. Hier muss der Landtag noch \u00fcber eine Verfassungs\u00e4nderung und das Konkordat befinden. Regierungschef Adrian Hasler nimmt in einem Interview Stellung. Clemens Laternser, Sekret\u00e4r der Liechtensteinischen Treuh\u00e4ndervereinigung, sagt, dass unser Finanzplatz am Scheideweg st\u00fcnde. Was er genau meint, sagt er im Innern der Ausgabe.<br \/>\nIm Sportteil stellen wir erstmals das Kickboxteam Liechtenstein vor, das eine lange und sehr erfolgreiche Vergangenheit aufweisen kann. Das Kickboxteam als Mitglied des Weltverbandes (WAKO) hat schon viele internationale Triumphe feiern k\u00f6nnen. Der FC Vaduz verpasste das Saisonziel deutlich. In Vaduz h\u00e4tte man es sich nie ertr\u00e4umen lassen, dass man als Tabellen-Zweitletzter in der Challenge League die Saison 2012\/13 abschliessen w\u00fcrde. So gesehen hat der Austausch des Trainers nichts gebracht. Der Blick richtet sich nun in die Zukunft, die mit neuen Spielern und neuem Elan schwungvoll gestaltet werden soll. W\u00e4hrend der FC Balzers als Saisonziel herausgegeben hat, sich im Mittelfeld festzusetzen, konzentriert sich der USV ganz auf die Meisterschaft und den Cup. In der 2. Liga scheint es so, dass sich der FC Schaan und der FC Triesenberg auf Lokalderbys in der gleichen Klasse freuen d\u00fcrfen.<br \/>\nIn Vaduz finden vom 21.bis 23. Juni im Rahmen des Verbandsmusikfestes 2013 die Feierlichkeiten zum 150-j\u00e4hrigen Bestehen der Harmoniemusik Vaduz statt. Wir alle freuen uns drauf. In der Rubrik \u00abWas macht eigentlich?\u00bb stellen wir den Arzt Dr. Arthur Jehle in den Fokus. Er ist heute k\u00fcnstlerisch t\u00e4tig und gibt 2014 eine Ausstellung mit Bildern von Landschaften und Portr\u00e4ts. Die \u00e4ltere Generation kennt ihn noch, den 92j\u00e4hrigen Maurer Landwirt Anton Meier, der aus seinem reich erf\u00fcllten Leben viele interessante Begebenheiten erz\u00e4hlt.<br \/>\nEin aussergew\u00f6hnliches Ereignis wirft seine Schatten voraus: die erstmalige Ausstellung von rund 70 Exponaten aus der ber\u00fchmten Privatsammlung von Rita und Herbert Batliner im Liechtensteiner Kunstmuseum. Ein Grossteil der Bilder ist seit dem Jahre 2007 in der ber\u00fchmten ALBERTINA in Wien ausgestellt.<br \/>\nIn diesem Sinne w\u00fcnsche ich (Herbert Oehri) euch eine spannende Lekt\u00fcre und tsch\u00fcss bis zum 10. August. Auch dann mit weiteren h\u00f6chst interessanten Themenbereichen.<br \/>\n&nbsp;<br \/>\n<iframe src=\"\/\/e.issuu.com\/embed.html#2861048\/3237660\" height=\"350\" width=\"580\" allowfullscreen=\"\" frameborder=\"0\"><\/iframe><\/p>\n","protected":false},"excerpt":{"rendered":"<p>In der landespolitischen Szene beherrschen derzeit insbesondere der Pensionskassa-Skandal der Staatsangestellten, die Sparbem\u00fchungen an allen Fronten und der geplatzte Telecom\/Swisscom-Deal die Agenden. W\u00e4hrend beim Telecom\/Swiss-Deal nach einer mehrst\u00fcndigen Debatte der Landtag mit 13:12 Stimmen das Eintreten auf die Vorlage verweigerte und damit der Regierung gar keine Chance liess, die Sachlage aus ihrer Sicht zu erl\u00e4utern, geht es beim 300-Millionen-Loch in der Pensionskasse um viel mehr. Hier d\u00fcrfte es zu einer Volksabstimmung kommen.<\/p>\n","protected":false},"author":1,"featured_media":1315,"comment_status":"closed","ping_status":"closed","sticky":false,"template":"","format":"standard","meta":{"footnotes":""},"categories":[18,14,16],"tags":[62],"_links":{"self":[{"href":"https:\/\/www.medienbuero.li\/index.php?rest_route=\/wp\/v2\/posts\/1314"}],"collection":[{"href":"https:\/\/www.medienbuero.li\/index.php?rest_route=\/wp\/v2\/posts"}],"about":[{"href":"https:\/\/www.medienbuero.li\/index.php?rest_route=\/wp\/v2\/types\/post"}],"author":[{"embeddable":true,"href":"https:\/\/www.medienbuero.li\/index.php?rest_route=\/wp\/v2\/users\/1"}],"replies":[{"embeddable":true,"href":"https:\/\/www.medienbuero.li\/index.php?rest_route=%2Fwp%2Fv2%2Fcomments&post=1314"}],"version-history":[{"count":0,"href":"https:\/\/www.medienbuero.li\/index.php?rest_route=\/wp\/v2\/posts\/1314\/revisions"}],"wp:featuredmedia":[{"embeddable":true,"href":"https:\/\/www.medienbuero.li\/index.php?rest_route=\/wp\/v2\/media\/1315"}],"wp:attachment":[{"href":"https:\/\/www.medienbuero.li\/index.php?rest_route=%2Fwp%2Fv2%2Fmedia&parent=1314"}],"wp:term":[{"taxonomy":"category","embeddable":true,"href":"https:\/\/www.medienbuero.li\/index.php?rest_route=%2Fwp%2Fv2%2Fcategories&post=1314"},{"taxonomy":"post_tag","embeddable":true,"href":"https:\/\/www.medienbuero.li\/index.php?rest_route=%2Fwp%2Fv2%2Ftags&post=1314"}],"curies":[{"name":"wp","href":"https:\/\/api.w.org\/{rel}","templated":true}]}}