{"id":1307,"date":"2013-05-08T14:37:41","date_gmt":"2013-05-08T14:37:41","guid":{"rendered":"http:\/\/www.medienbuero.li\/?p=1307"},"modified":"2013-05-08T14:37:41","modified_gmt":"2013-05-08T14:37:41","slug":"liezeit-ausgabe-15-online","status":"publish","type":"post","link":"https:\/\/www.medienbuero.li\/?p=1307","title":{"rendered":"lie:zeit Ausgabe 15 online"},"content":{"rendered":"<p><b>Liebe Leserinnen,\u00a0<\/b><br \/>\n<b>liebe Leser\u00a0<\/b><br \/>\nVor Ihnen liegt die Monatszeitschrift lie:zeit, kombiniert mit der bau:zeit, mit einer F\u00fclle von interessanten Themen. Im politischen Bereich befragten wir den Pr\u00e4sidenten des Bankenverbandes, Adolf E. Real, zum Doppelbesteuerungsabkommen mit \u00d6sterreich, \u00fcber welches in Liechtenstein unterschiedliche Meinungen vorherrschen. Des Weiteren nimmt Regierungsrat Dr. Mauro Pedrazzini, Minister f\u00fcr Gesellschaft, Stellung zu sozial-und gesundheitspolitischen Fragen. Dabei unterstreicht Pedrazzini das unbedingte Muss der eingeleiteten Sparmassnahmen im Staatshaushalt, den die Beitragsleistungen im Sozial-und Gesundheitswesen besonders dr\u00fccken. Der FBP-Abg. Johannes Kaiser <!--more-->bringt seine Gedanken zum Start des neuen Landtags zu Papier. Auf der Spezialseite der Gruppierung \u00abdu\u00bb \u00e4ussert sich ihr Vorsitzender Harry Quaderer zu den Anschuldigungen seitens der beiden Grossparteien FBP und VU.<br \/>\nLiechtenstein, 2011 selbst erfolgreicher Ausrichter der Kleinstaaten-Olympiade, ist vom 27. Mai bis 1.Juni 2013 mit 36 bei den Spielen in Luxemburg vertreten. Im Fussball w\u00e4re dem FC Balzers um ein Haar die grosse Sensation wie dem USV im vergangenen Jahr gegl\u00fcckt, Liechtensteiner Cupsieger 2013 zu werden. Der FC Vaduz setzte sich erst im Elfmeterschiessen durch. Interessiert Sie der Radsport? Dann lesen Sie die Pl\u00e4ne der Radrennfahrerin Andrea B\u00fcchel. Bryan Jeeves nimmt in einem Beitrag den Tod von Margaret Thatcher zum Anlass, um die ehemalige Premierministerin des Vereinigten K\u00f6nigreichs und deren Beziehungen zu Liechtenstein entsprechend zu w\u00fcrdigen.<br \/>\nIn der Rubrik Technik Trends gehen wir der Frage nach wie sehr der digitale Alltag unser Leben beeinflusst. Kennen Sie \u00abBadi-Ludi\u00bb? \u2013 Wir sagen Ihnen wie es dem lebenslustigen und weltoffenen Bademeister des Freibads \u00abM\u00fchleholz\u00bb Vaduz geht und was er in seinem Pensionsdasein eigentlich macht.<br \/>\nIm Sonderteil \u00ab\u00dcseri Worzla\u00bb stellen wir Ihnen eine der grossen Pers\u00f6nlichkeiten Liechtensteins vor: Dr. iur. Walter Oehry, F\u00fcrstlicher Justizrat, Rechtsanwalt, Regierungsrat, Landtagsabgeordneter, Schriftsteller, Dichter, Maler und Bildhauer. Er ist ein Nachkomme der Maurer \u00abWissle\u00bb-Familien oben am Maurer Rennhof, aus welcher einer der V\u00e4ter unserer ersten Verfassung, der Jurist Franz Josef Oehri, Generalauditor des \u00f6sterreichischen Heeres, h\u00f6chster Beamter der Milit\u00e4rjustiz der k.u.k. Monarchie, entstammt.<br \/>\nWie sch\u00fctze ich mich gegen den in unserem Land aufkommenden \u00abEnkeltrick\u00bb. Landespolizist Georges Berger gibt n\u00fctzliche Tips.<br \/>\nIn diesem Sinne w\u00fcnsche ich (Herbert Oehri) euch eine spannende Lekt\u00fcre und tsch\u00fcss bis zum 8. Juni 2013.<br \/>\n&nbsp;<\/p>\n<div data-configid=\"2861048\/2313745\" style=\"width: 525px; height: 357px;\" class=\"issuuembed\"><\/div>\n<p><script type=\"text\/javascript\" src=\"\/\/e.issuu.com\/embed.js\" async=\"true\"><\/script><\/p>\n","protected":false},"excerpt":{"rendered":"<p>Liebe Leserinnen,\u00a0 liebe Leser\u00a0 Vor Ihnen liegt die Monatszeitschrift lie:zeit, kombiniert mit der bau:zeit, mit einer F\u00fclle von interessanten Themen. Im politischen Bereich befragten wir den Pr\u00e4sidenten des Bankenverbandes, Adolf E. Real, zum Doppelbesteuerungsabkommen mit \u00d6sterreich, \u00fcber welches in Liechtenstein unterschiedliche Meinungen vorherrschen. Des Weiteren nimmt Regierungsrat Dr. Mauro Pedrazzini, Minister f\u00fcr Gesellschaft, Stellung zu sozial-und gesundheitspolitischen Fragen. Dabei unterstreicht Pedrazzini das unbedingte Muss der&#8230; <\/p>\n<p class=\"more\"><a class=\"more-link\" href=\"https:\/\/www.medienbuero.li\/?p=1307\">Read More<\/a><\/p>\n","protected":false},"author":1,"featured_media":1308,"comment_status":"closed","ping_status":"open","sticky":false,"template":"","format":"standard","meta":{"footnotes":""},"categories":[18,14],"tags":[62,70,85,110],"_links":{"self":[{"href":"https:\/\/www.medienbuero.li\/index.php?rest_route=\/wp\/v2\/posts\/1307"}],"collection":[{"href":"https:\/\/www.medienbuero.li\/index.php?rest_route=\/wp\/v2\/posts"}],"about":[{"href":"https:\/\/www.medienbuero.li\/index.php?rest_route=\/wp\/v2\/types\/post"}],"author":[{"embeddable":true,"href":"https:\/\/www.medienbuero.li\/index.php?rest_route=\/wp\/v2\/users\/1"}],"replies":[{"embeddable":true,"href":"https:\/\/www.medienbuero.li\/index.php?rest_route=%2Fwp%2Fv2%2Fcomments&post=1307"}],"version-history":[{"count":0,"href":"https:\/\/www.medienbuero.li\/index.php?rest_route=\/wp\/v2\/posts\/1307\/revisions"}],"wp:featuredmedia":[{"embeddable":true,"href":"https:\/\/www.medienbuero.li\/index.php?rest_route=\/wp\/v2\/media\/1308"}],"wp:attachment":[{"href":"https:\/\/www.medienbuero.li\/index.php?rest_route=%2Fwp%2Fv2%2Fmedia&parent=1307"}],"wp:term":[{"taxonomy":"category","embeddable":true,"href":"https:\/\/www.medienbuero.li\/index.php?rest_route=%2Fwp%2Fv2%2Fcategories&post=1307"},{"taxonomy":"post_tag","embeddable":true,"href":"https:\/\/www.medienbuero.li\/index.php?rest_route=%2Fwp%2Fv2%2Ftags&post=1307"}],"curies":[{"name":"wp","href":"https:\/\/api.w.org\/{rel}","templated":true}]}}