{"id":1301,"date":"2013-05-08T14:33:28","date_gmt":"2013-05-08T14:33:28","guid":{"rendered":"http:\/\/www.medienbuero.li\/?p=1301"},"modified":"2013-05-08T14:33:28","modified_gmt":"2013-05-08T14:33:28","slug":"bauzeit-ausgabe-15-online","status":"publish","type":"post","link":"https:\/\/www.medienbuero.li\/?p=1301","title":{"rendered":"bau:zeit Ausgabe 15 online"},"content":{"rendered":"<p><strong>Liebe bau:zeit-Leserin\u00a0<\/strong><br \/>\n<strong>Lieber bau:zeit-Leser<\/strong><br \/>\nDas REC in Ruggell strahlt mit dem interessanten Mix von Wohnungen, B\u00fcros, Einkaufs- und Dienstleistungsangeboten bis hin zum Treffpunkt mit dem Caf\u00e9 eine besondere Anziehungskraft aus. Wir stellen Ihnen in dieser bau:zeit die Unternehmen vor, die an diesem erfolgreichen Projekt beteiligt waren sowie die involvierten Gesch\u00e4fte, die die G\u00e4ste aus nah und fern mit einem <!--more-->reichhaltigen Angebot sowie service-public-Leistungen verw\u00f6hnen. Die Bauherrschaft mit Nicole Marxer und Stefan Ospelt freut sich jedenfalls, dass das Gesamtkonzept nicht nur voll aufging, sondern die Erwartungen \u00fcbertrifft.<br \/>\n&nbsp;<br \/>\nPlusEnergieH\u00e4user sind keine Exoten mehr, wie der umweltfreundliche Bauspezialist Peter Hasler aus Bendern, Inhaber der Franz Hasler AG und Hasler Solar AG, in einem Interview ausf\u00fchrt. Bei Neubauten und insbesondere auch Geb\u00e4udesanierungen ist der Passivhausstandard mit kombinierten alternativen Heiz- und Energiesystemen sehr gefragt. Eine Besonderheit, die in Zukunft Einzug halten wird, bilden die Carports.<br \/>\n&nbsp;<br \/>\nIm Weiteren\u00a0 erm\u00f6glichen wir Ihnen einen interessanten Einblick in die sonnig gelegenen Terrassenwohnungen in der Egerta in Schellenberg und verraten Ihnen wertvolle Tipps, wie Sie Nebenkosten m\u00f6glichst niedrig halten k\u00f6nnen.<br \/>\n&nbsp;<br \/>\nIm Namen des Redaktionsteams w\u00fcnsche ich Ihnen bei der Lekt\u00fcre viel Spass und hoffe, das f\u00fcr Sie viel Interessantes dabei ist.<br \/>\n&nbsp;<\/p>\n<div data-configid=\"2861048\/2313871\" style=\"width: 525px; height: 357px;\" class=\"issuuembed\"><\/div>\n<p><script type=\"text\/javascript\" src=\"\/\/e.issuu.com\/embed.js\" async=\"true\"><\/script><\/p>\n","protected":false},"excerpt":{"rendered":"<p>Liebe bau:zeit-Leserin\u00a0 Lieber bau:zeit-Leser Das REC in Ruggell strahlt mit dem interessanten Mix von Wohnungen, B\u00fcros, Einkaufs- und Dienstleistungsangeboten bis hin zum Treffpunkt mit dem Caf\u00e9 eine besondere Anziehungskraft aus. Wir stellen Ihnen in dieser bau:zeit die Unternehmen vor, die an diesem erfolgreichen Projekt beteiligt waren sowie die involvierten Gesch\u00e4fte, die die G\u00e4ste aus nah und fern mit einem<\/p>\n","protected":false},"author":1,"featured_media":1303,"comment_status":"closed","ping_status":"open","sticky":false,"template":"","format":"standard","meta":{"footnotes":""},"categories":[13,18],"tags":[30,70,85,110],"_links":{"self":[{"href":"https:\/\/www.medienbuero.li\/index.php?rest_route=\/wp\/v2\/posts\/1301"}],"collection":[{"href":"https:\/\/www.medienbuero.li\/index.php?rest_route=\/wp\/v2\/posts"}],"about":[{"href":"https:\/\/www.medienbuero.li\/index.php?rest_route=\/wp\/v2\/types\/post"}],"author":[{"embeddable":true,"href":"https:\/\/www.medienbuero.li\/index.php?rest_route=\/wp\/v2\/users\/1"}],"replies":[{"embeddable":true,"href":"https:\/\/www.medienbuero.li\/index.php?rest_route=%2Fwp%2Fv2%2Fcomments&post=1301"}],"version-history":[{"count":0,"href":"https:\/\/www.medienbuero.li\/index.php?rest_route=\/wp\/v2\/posts\/1301\/revisions"}],"wp:featuredmedia":[{"embeddable":true,"href":"https:\/\/www.medienbuero.li\/index.php?rest_route=\/wp\/v2\/media\/1303"}],"wp:attachment":[{"href":"https:\/\/www.medienbuero.li\/index.php?rest_route=%2Fwp%2Fv2%2Fmedia&parent=1301"}],"wp:term":[{"taxonomy":"category","embeddable":true,"href":"https:\/\/www.medienbuero.li\/index.php?rest_route=%2Fwp%2Fv2%2Fcategories&post=1301"},{"taxonomy":"post_tag","embeddable":true,"href":"https:\/\/www.medienbuero.li\/index.php?rest_route=%2Fwp%2Fv2%2Ftags&post=1301"}],"curies":[{"name":"wp","href":"https:\/\/api.w.org\/{rel}","templated":true}]}}